{"id":93324,"date":"2026-03-10T22:35:16","date_gmt":"2026-03-10T19:35:16","guid":{"rendered":"https:\/\/www.egemtv.com\/?p=93324"},"modified":"2026-03-10T22:35:17","modified_gmt":"2026-03-10T19:35:17","slug":"izmirde-trafikte-makas-atan-surucuye-90-bin-lira-ceza","status":"publish","type":"post","link":"https:\/\/www.egemtv.com\/?p=93324","title":{"rendered":"\u0130zmir\u2019de trafikte makas atan s\u00fcr\u00fcc\u00fcye 90 bin lira ceza"},"content":{"rendered":"<p>\u0130zmir\u2019de ard\u0131 ard\u0131na \u015ferit de\u011fi\u015ftirerek trafik g\u00fcvenli\u011fini tehlikeye atan s\u00fcr\u00fcc\u00fc yakaland\u0131. G\u00f6zalt\u0131na al\u0131nan s\u00fcr\u00fcc\u00fcye 90 bin lira idari para cezas\u0131 uyguland\u0131.<br \/>\n<br \/>Trafik Denetleme \u015eube M\u00fcd\u00fcrl\u00fc\u011f\u00fc ekipleri, bir arac\u0131n tehlikeli seyretti\u011fi g\u00f6r\u00fcnt\u00fcler \u00fczerine \u00e7al\u0131\u015fma ba\u015flatt\u0131. Alt\u0131nyol \u00fczerinden Bornova istikametine do\u011fru ilerleyen s\u00fcr\u00fcc\u00fcn\u00fcn trafikte s\u00fcrekli makas att\u0131\u011f\u0131 tespit edildi. Yap\u0131lan incelemeler sonucunda arac\u0131 kullanan ki\u015finin M.K. (27) oldu\u011fu belirlendi. Yakalanan s\u00fcr\u00fcc\u00fc M.K.\u2019ye Karayollar\u0131 Trafik Kanunu kapsam\u0131nda 90 bin lira idari para cezas\u0131 uyguland\u0131. Ayr\u0131ca \u015fahs\u0131n s\u00fcr\u00fcc\u00fc belgesi 60 g\u00fcn s\u00fcreyle geri al\u0131nd\u0131. Olayda kullan\u0131lan ara\u00e7 ise 60 g\u00fcn boyunca trafikten men edilerek otoparka \u00e7ekildi.<br \/><\/p>\n","protected":false},"excerpt":{"rendered":"<p>\u0130zmir\u2019de ard\u0131 ard\u0131na \u015ferit de\u011fi\u015ftirerek trafik g\u00fcvenli\u011fini tehlikeye atan s\u00fcr\u00fcc\u00fc yakaland\u0131. G\u00f6zalt\u0131na al\u0131nan s\u00fcr\u00fcc\u00fcye 90 bin lira idari para cezas\u0131 uyguland\u0131. Trafik Denetleme \u015eube M\u00fcd\u00fcrl\u00fc\u011f\u00fc ekipleri, bir arac\u0131n tehlikeli seyretti\u011fi g\u00f6r\u00fcnt\u00fcler \u00fczerine \u00e7al\u0131\u015fma ba\u015flatt\u0131. Alt\u0131nyol \u00fczerinden Bornova istikametine do\u011fru ilerleyen s\u00fcr\u00fcc\u00fcn\u00fcn trafikte s\u00fcrekli makas att\u0131\u011f\u0131 tespit edildi. Yap\u0131lan incelemeler sonucunda arac\u0131 kullanan ki\u015finin M.K. (27)&#8230;<\/p>\n","protected":false},"author":1,"featured_media":93325,"comment_status":"open","ping_status":"open","sticky":false,"template":"","format":"standard","meta":{"_crdt_document":"","footnotes":""},"categories":[5],"tags":[],"class_list":["post-93324","post","type-post","status-publish","format-standard","has-post-thumbnail","hentry","category-asayis"],"_links":{"self":[{"href":"https:\/\/www.egemtv.com\/index.php?rest_route=\/wp\/v2\/posts\/93324","targetHints":{"allow":["GET"]}}],"collection":[{"href":"https:\/\/www.egemtv.com\/index.php?rest_route=\/wp\/v2\/posts"}],"about":[{"href":"https:\/\/www.egemtv.com\/index.php?rest_route=\/wp\/v2\/types\/post"}],"author":[{"embeddable":true,"href":"https:\/\/www.egemtv.com\/index.php?rest_route=\/wp\/v2\/users\/1"}],"replies":[{"embeddable":true,"href":"https:\/\/www.egemtv.com\/index.php?rest_route=%2Fwp%2Fv2%2Fcomments&post=93324"}],"version-history":[{"count":1,"href":"https:\/\/www.egemtv.com\/index.php?rest_route=\/wp\/v2\/posts\/93324\/revisions"}],"predecessor-version":[{"id":93326,"href":"https:\/\/www.egemtv.com\/index.php?rest_route=\/wp\/v2\/posts\/93324\/revisions\/93326"}],"wp:featuredmedia":[{"embeddable":true,"href":"https:\/\/www.egemtv.com\/index.php?rest_route=\/wp\/v2\/media\/93325"}],"wp:attachment":[{"href":"https:\/\/www.egemtv.com\/index.php?rest_route=%2Fwp%2Fv2%2Fmedia&parent=93324"}],"wp:term":[{"taxonomy":"category","embeddable":true,"href":"https:\/\/www.egemtv.com\/index.php?rest_route=%2Fwp%2Fv2%2Fcategories&post=93324"},{"taxonomy":"post_tag","embeddable":true,"href":"https:\/\/www.egemtv.com\/index.php?rest_route=%2Fwp%2Fv2%2Ftags&post=93324"}],"curies":[{"name":"wp","href":"https:\/\/api.w.org\/{rel}","templated":true}]}}