{"id":93321,"date":"2026-03-10T21:48:07","date_gmt":"2026-03-10T18:48:07","guid":{"rendered":"https:\/\/www.egemtv.com\/?p=93321"},"modified":"2026-03-10T21:48:08","modified_gmt":"2026-03-10T18:48:08","slug":"burdurdaki-kazada-agir-yaralanan-21-yasindaki-genc-hayatini-kaybetti","status":"publish","type":"post","link":"https:\/\/www.egemtv.com\/?p=93321","title":{"rendered":"Burdur\u2019daki kazada a\u011f\u0131r yaralanan 21 ya\u015f\u0131ndaki gen\u00e7 hayat\u0131n\u0131 kaybetti"},"content":{"rendered":"<p>Burdur\u2019un Bucak il\u00e7esinde kontrolden \u00e7\u0131kan otomobilin yol kenar\u0131ndaki levhaya \u00e7apt\u0131\u011f\u0131 kazada a\u011f\u0131r yaralanan gen\u00e7, tedavi g\u00f6rd\u00fc\u011f\u00fc hastanede 10 g\u00fcnl\u00fck ya\u015fam m\u00fccadelesini kaybetti.<br \/>\n<br \/>Kaza, 28 \u015eubat\u2019ta Burdur &#8211; Antalya karayolu Susuz K\u00f6y\u00fc yak\u0131nlar\u0131nda meydana geldi. Edinilen bilgiye g\u00f6re, Bartu Efe Zengin (21) idaresindeki 15 SE 803 plakal\u0131 otomobil, s\u00fcr\u00fcc\u00fcs\u00fcn\u00fcn direksiyon hakimiyetini kaybetmesi sonucu yol kenar\u0131ndan bulunan levhaya \u00e7arpt\u0131. \u0130hbar \u00fczerine b\u00f6lgeye itfaiye, sa\u011fl\u0131k ve polis ekipleri sevk edildi. Kazada yaralanan otomobil s\u00fcr\u00fcc\u00fcs\u00fc sa\u011fl\u0131k ekipleri taraf\u0131ndan olay yerinde yap\u0131lan ilk m\u00fcdahalenin ard\u0131ndan ambulansla Bucak Devlet Hastanesine kald\u0131r\u0131larak tedavi alt\u0131na al\u0131nd\u0131. 10 g\u00fcn s\u00fcren tedavisinin ard\u0131ndan Zengin kurtar\u0131lmayarak hayat\u0131n\u0131 kaybetti.<br \/>\n<br \/>Kazayla ilgili tahkikat s\u00fcr\u00fcyor.<br \/><\/p>\n","protected":false},"excerpt":{"rendered":"<p>Burdur\u2019un Bucak il\u00e7esinde kontrolden \u00e7\u0131kan otomobilin yol kenar\u0131ndaki levhaya \u00e7apt\u0131\u011f\u0131 kazada a\u011f\u0131r yaralanan gen\u00e7, tedavi g\u00f6rd\u00fc\u011f\u00fc hastanede 10 g\u00fcnl\u00fck ya\u015fam m\u00fccadelesini kaybetti. Kaza, 28 \u015eubat\u2019ta Burdur &#8211; Antalya karayolu Susuz K\u00f6y\u00fc yak\u0131nlar\u0131nda meydana geldi. Edinilen bilgiye g\u00f6re, Bartu Efe Zengin (21) idaresindeki 15 SE 803 plakal\u0131 otomobil, s\u00fcr\u00fcc\u00fcs\u00fcn\u00fcn direksiyon hakimiyetini kaybetmesi sonucu yol kenar\u0131ndan bulunan&#8230;<\/p>\n","protected":false},"author":1,"featured_media":93322,"comment_status":"open","ping_status":"open","sticky":false,"template":"","format":"standard","meta":{"_crdt_document":"","footnotes":""},"categories":[5],"tags":[],"class_list":["post-93321","post","type-post","status-publish","format-standard","has-post-thumbnail","hentry","category-asayis"],"_links":{"self":[{"href":"https:\/\/www.egemtv.com\/index.php?rest_route=\/wp\/v2\/posts\/93321","targetHints":{"allow":["GET"]}}],"collection":[{"href":"https:\/\/www.egemtv.com\/index.php?rest_route=\/wp\/v2\/posts"}],"about":[{"href":"https:\/\/www.egemtv.com\/index.php?rest_route=\/wp\/v2\/types\/post"}],"author":[{"embeddable":true,"href":"https:\/\/www.egemtv.com\/index.php?rest_route=\/wp\/v2\/users\/1"}],"replies":[{"embeddable":true,"href":"https:\/\/www.egemtv.com\/index.php?rest_route=%2Fwp%2Fv2%2Fcomments&post=93321"}],"version-history":[{"count":1,"href":"https:\/\/www.egemtv.com\/index.php?rest_route=\/wp\/v2\/posts\/93321\/revisions"}],"predecessor-version":[{"id":93323,"href":"https:\/\/www.egemtv.com\/index.php?rest_route=\/wp\/v2\/posts\/93321\/revisions\/93323"}],"wp:featuredmedia":[{"embeddable":true,"href":"https:\/\/www.egemtv.com\/index.php?rest_route=\/wp\/v2\/media\/93322"}],"wp:attachment":[{"href":"https:\/\/www.egemtv.com\/index.php?rest_route=%2Fwp%2Fv2%2Fmedia&parent=93321"}],"wp:term":[{"taxonomy":"category","embeddable":true,"href":"https:\/\/www.egemtv.com\/index.php?rest_route=%2Fwp%2Fv2%2Fcategories&post=93321"},{"taxonomy":"post_tag","embeddable":true,"href":"https:\/\/www.egemtv.com\/index.php?rest_route=%2Fwp%2Fv2%2Ftags&post=93321"}],"curies":[{"name":"wp","href":"https:\/\/api.w.org\/{rel}","templated":true}]}}