{"id":93318,"date":"2026-03-10T20:34:37","date_gmt":"2026-03-10T17:34:37","guid":{"rendered":"https:\/\/www.egemtv.com\/?p=93318"},"modified":"2026-03-10T20:34:38","modified_gmt":"2026-03-10T17:34:38","slug":"datca-imam-hatip-lisesinden-iftar-yemegi","status":"publish","type":"post","link":"https:\/\/www.egemtv.com\/?p=93318","title":{"rendered":"Dat\u00e7a \u0130mam Hatip Lisesi\u2019nden iftar yeme\u011fi"},"content":{"rendered":"<p>Mu\u011fla\u2019n\u0131n Dat\u00e7a il\u00e7esinde Anadolu \u0130mam Hatip Lisesi taraf\u0131ndan iftar yeme\u011fi verildi.<\/p>\n<p>Dat\u00e7a Anadolu \u0130mam Hatip Lisesi taraf\u0131ndan Ramazan ay\u0131 dolay\u0131s\u0131yla iftar yeme\u011fi verildi. Dat\u00e7a Anadolu \u0130mam Hatip Lisesi ve \u00f6\u011frenci velileri taraf\u0131ndan okul bah\u00e7esinde d\u00fczenlenen iftar yeme\u011fine 300 ki\u015fi kat\u0131ld\u0131. D\u00fczenlenen iftar program\u0131nda Kuran-Kerim tilaveti ve dualar okundu. Programa \u0130l\u00e7e Milli E\u011fitim M\u00fcd\u00fcr\u00fc B\u00fclent Aldal, \u0130l\u00e7e M\u00fcft\u00fcs\u00fc Fatih Acar da kat\u0131ld\u0131.<br \/><\/p>\n","protected":false},"excerpt":{"rendered":"<p>Mu\u011fla\u2019n\u0131n Dat\u00e7a il\u00e7esinde Anadolu \u0130mam Hatip Lisesi taraf\u0131ndan iftar yeme\u011fi verildi. Dat\u00e7a Anadolu \u0130mam Hatip Lisesi taraf\u0131ndan Ramazan ay\u0131 dolay\u0131s\u0131yla iftar yeme\u011fi verildi. Dat\u00e7a Anadolu \u0130mam Hatip Lisesi ve \u00f6\u011frenci velileri taraf\u0131ndan okul bah\u00e7esinde d\u00fczenlenen iftar yeme\u011fine 300 ki\u015fi kat\u0131ld\u0131. D\u00fczenlenen iftar program\u0131nda Kuran-Kerim tilaveti ve dualar okundu. Programa \u0130l\u00e7e Milli E\u011fitim M\u00fcd\u00fcr\u00fc B\u00fclent Aldal,&#8230;<\/p>\n","protected":false},"author":1,"featured_media":93319,"comment_status":"open","ping_status":"open","sticky":false,"template":"","format":"standard","meta":{"_crdt_document":"","footnotes":""},"categories":[1],"tags":[],"class_list":["post-93318","post","type-post","status-publish","format-standard","has-post-thumbnail","hentry","category-guncel"],"_links":{"self":[{"href":"https:\/\/www.egemtv.com\/index.php?rest_route=\/wp\/v2\/posts\/93318","targetHints":{"allow":["GET"]}}],"collection":[{"href":"https:\/\/www.egemtv.com\/index.php?rest_route=\/wp\/v2\/posts"}],"about":[{"href":"https:\/\/www.egemtv.com\/index.php?rest_route=\/wp\/v2\/types\/post"}],"author":[{"embeddable":true,"href":"https:\/\/www.egemtv.com\/index.php?rest_route=\/wp\/v2\/users\/1"}],"replies":[{"embeddable":true,"href":"https:\/\/www.egemtv.com\/index.php?rest_route=%2Fwp%2Fv2%2Fcomments&post=93318"}],"version-history":[{"count":1,"href":"https:\/\/www.egemtv.com\/index.php?rest_route=\/wp\/v2\/posts\/93318\/revisions"}],"predecessor-version":[{"id":93320,"href":"https:\/\/www.egemtv.com\/index.php?rest_route=\/wp\/v2\/posts\/93318\/revisions\/93320"}],"wp:featuredmedia":[{"embeddable":true,"href":"https:\/\/www.egemtv.com\/index.php?rest_route=\/wp\/v2\/media\/93319"}],"wp:attachment":[{"href":"https:\/\/www.egemtv.com\/index.php?rest_route=%2Fwp%2Fv2%2Fmedia&parent=93318"}],"wp:term":[{"taxonomy":"category","embeddable":true,"href":"https:\/\/www.egemtv.com\/index.php?rest_route=%2Fwp%2Fv2%2Fcategories&post=93318"},{"taxonomy":"post_tag","embeddable":true,"href":"https:\/\/www.egemtv.com\/index.php?rest_route=%2Fwp%2Fv2%2Ftags&post=93318"}],"curies":[{"name":"wp","href":"https:\/\/api.w.org\/{rel}","templated":true}]}}