{"id":93315,"date":"2026-03-10T19:14:46","date_gmt":"2026-03-10T16:14:46","guid":{"rendered":"https:\/\/www.egemtv.com\/?p=93315"},"modified":"2026-03-10T19:14:47","modified_gmt":"2026-03-10T16:14:47","slug":"kaymakam-dalaktan-kibris-gazisine-anlamli-ziyaret","status":"publish","type":"post","link":"https:\/\/www.egemtv.com\/?p=93315","title":{"rendered":"Kaymakam Dalak\u2019tan K\u0131br\u0131s Gazisine anlaml\u0131 ziyaret"},"content":{"rendered":"<p>Sar\u0131g\u00f6l Kaymakam\u0131 Halil Dalak, Ramazan ay\u0131n\u0131n manevi atmosferinde \u015fehit aileleri ve gazileri ziyaret ederek g\u00f6n\u00fcl k\u00f6pr\u00fcleri kurmaya devam ediyor.<br \/>\n<br \/>Manisa\u2019n\u0131n Sar\u0131g\u00f6l il\u00e7esinde Kaymakam Halil Dalak, Ramazan ay\u0131 dolay\u0131s\u0131yla \u015fehit aileleri ve gazilere y\u00f6nelik ziyaretlerini s\u00fcrd\u00fcr\u00fcyor. Kaymakam Dalak, e\u015fi Ayfer Dalak ile birlikte gazilerin ve \u015fehit ailelerinin evlerine konuk olarak onlar\u0131n dert ve sorunlar\u0131n\u0131 dinliyor.<br \/>\n<br \/>Bu kapsamda Sar\u0131g\u00f6l Kaymakam\u0131 Halil Dalak ve e\u015fi Ayfer Dalak, K\u0131br\u0131s Gazisi Mehmet Ak\u00e7al ve ailesini ziyaret etti. Samimi bir ortamda ger\u00e7ekle\u015fen ziyarette Kaymakam Dalak, Gazi Mehmet Ak\u00e7al ile uzun s\u00fcre sohbet ederek g\u00f6n\u00fcl ve sevgi ba\u011flar\u0131n\u0131 peki\u015ftirdi.<br \/>\n<br \/>Ziyarette konu\u015fan Kaymakam Halil Dalak, \u015fehit aileleri ve gazilerin her zaman yan\u0131nda olduklar\u0131n\u0131 belirterek, &#8220;\u015eehit aileleri ve gazilerimizle her zaman birlik ve beraberlik i\u00e7indeyiz. Ramazan ay\u0131n\u0131n manevi atmosferinde kendilerini ziyaret ederek g\u00f6n\u00fcl birli\u011fimizi daha da g\u00fc\u00e7lendirmek istedik. Devlet olarak her zaman \u015fehit ailelerimizin ve gazilerimizin yan\u0131nday\u0131z.&#8221; dedi.<br \/>\n<br \/>Kaymakam Halil Dalak\u2019\u0131n ziyaretine Sar\u0131g\u00f6l Sosyal Yard\u0131mla\u015fma ve Dayan\u0131\u015fma Vakf\u0131 M\u00fcd\u00fcr\u00fc Ruhsar A\u00e7\u0131kg\u00f6z de e\u015flik etti.<br \/><\/p>\n","protected":false},"excerpt":{"rendered":"<p>Sar\u0131g\u00f6l Kaymakam\u0131 Halil Dalak, Ramazan ay\u0131n\u0131n manevi atmosferinde \u015fehit aileleri ve gazileri ziyaret ederek g\u00f6n\u00fcl k\u00f6pr\u00fcleri kurmaya devam ediyor. Manisa\u2019n\u0131n Sar\u0131g\u00f6l il\u00e7esinde Kaymakam Halil Dalak, Ramazan ay\u0131 dolay\u0131s\u0131yla \u015fehit aileleri ve gazilere y\u00f6nelik ziyaretlerini s\u00fcrd\u00fcr\u00fcyor. Kaymakam Dalak, e\u015fi Ayfer Dalak ile birlikte gazilerin ve \u015fehit ailelerinin evlerine konuk olarak onlar\u0131n dert ve sorunlar\u0131n\u0131 dinliyor. Bu&#8230;<\/p>\n","protected":false},"author":1,"featured_media":93316,"comment_status":"open","ping_status":"open","sticky":false,"template":"","format":"standard","meta":{"_crdt_document":"","footnotes":""},"categories":[123],"tags":[],"class_list":["post-93315","post","type-post","status-publish","format-standard","has-post-thumbnail","hentry","category-gundem"],"_links":{"self":[{"href":"https:\/\/www.egemtv.com\/index.php?rest_route=\/wp\/v2\/posts\/93315","targetHints":{"allow":["GET"]}}],"collection":[{"href":"https:\/\/www.egemtv.com\/index.php?rest_route=\/wp\/v2\/posts"}],"about":[{"href":"https:\/\/www.egemtv.com\/index.php?rest_route=\/wp\/v2\/types\/post"}],"author":[{"embeddable":true,"href":"https:\/\/www.egemtv.com\/index.php?rest_route=\/wp\/v2\/users\/1"}],"replies":[{"embeddable":true,"href":"https:\/\/www.egemtv.com\/index.php?rest_route=%2Fwp%2Fv2%2Fcomments&post=93315"}],"version-history":[{"count":1,"href":"https:\/\/www.egemtv.com\/index.php?rest_route=\/wp\/v2\/posts\/93315\/revisions"}],"predecessor-version":[{"id":93317,"href":"https:\/\/www.egemtv.com\/index.php?rest_route=\/wp\/v2\/posts\/93315\/revisions\/93317"}],"wp:featuredmedia":[{"embeddable":true,"href":"https:\/\/www.egemtv.com\/index.php?rest_route=\/wp\/v2\/media\/93316"}],"wp:attachment":[{"href":"https:\/\/www.egemtv.com\/index.php?rest_route=%2Fwp%2Fv2%2Fmedia&parent=93315"}],"wp:term":[{"taxonomy":"category","embeddable":true,"href":"https:\/\/www.egemtv.com\/index.php?rest_route=%2Fwp%2Fv2%2Fcategories&post=93315"},{"taxonomy":"post_tag","embeddable":true,"href":"https:\/\/www.egemtv.com\/index.php?rest_route=%2Fwp%2Fv2%2Ftags&post=93315"}],"curies":[{"name":"wp","href":"https:\/\/api.w.org\/{rel}","templated":true}]}}