{"id":93306,"date":"2026-03-10T18:54:37","date_gmt":"2026-03-10T15:54:37","guid":{"rendered":"https:\/\/www.egemtv.com\/?p=93306"},"modified":"2026-03-10T18:54:38","modified_gmt":"2026-03-10T15:54:38","slug":"usakta-cok-sayida-kacak-makaron-ve-tutun-ele-gecirildi-4","status":"publish","type":"post","link":"https:\/\/www.egemtv.com\/?p=93306","title":{"rendered":"U\u015fak\u2019ta \u00e7ok say\u0131da ka\u00e7ak makaron ve t\u00fct\u00fcn ele ge\u00e7irildi"},"content":{"rendered":"<p>U\u015fak \u0130l Emniyet M\u00fcd\u00fcrl\u00fc\u011f\u00fc KOM \u015eube M\u00fcd\u00fcrl\u00fc\u011f\u00fc ekiplerince yap\u0131lan operasyonda \u00e7ok say\u0131da ka\u00e7ak makaron ve t\u00fct\u00fcn ele ge\u00e7irildi.<br \/>\n<br \/>U\u015fak \u0130l Emniyet M\u00fcd\u00fcrl\u00fc\u011f\u00fc\u2019ne ba\u011fl\u0131 Ka\u00e7ak\u00e7\u0131l\u0131k ve Organize Su\u00e7larla M\u00fccadele (KOM) \u015eube M\u00fcd\u00fcrl\u00fc\u011f\u00fc ekipleri, taraf\u0131ndan ka\u00e7ak\u00e7\u0131l\u0131kla m\u00fccadele kapsam\u0131nda y\u00fcr\u00fct\u00fclen \u00e7al\u0131\u015fmalarda edinilen bilgiler \u00e7er\u00e7evesinde Elmal\u0131dere Mahallesi\u2019nde bir adrese operasyon d\u00fczenlendi. Adreste yap\u0131lan aramada 66 bin 200 ka\u00e7ak makaron, 10 bin gram ka\u00e7ak k\u0131y\u0131lm\u0131\u015f t\u00fct\u00fcn ve 1 adet sigara sarma makinesi ele ge\u00e7irildi.<br \/>\n<br \/>Operasyon kapsam\u0131nda M.Y. ve A.\u015e. hakk\u0131nda 5607 Say\u0131l\u0131 Ka\u00e7ak\u00e7\u0131l\u0131kla M\u00fccadele Kanununa Muhalefet kapsam\u0131nda adli tahkikat ba\u015flat\u0131ld\u0131\u011f\u0131 \u00f6\u011frenildi.<br \/><\/p>\n","protected":false},"excerpt":{"rendered":"<p>U\u015fak \u0130l Emniyet M\u00fcd\u00fcrl\u00fc\u011f\u00fc KOM \u015eube M\u00fcd\u00fcrl\u00fc\u011f\u00fc ekiplerince yap\u0131lan operasyonda \u00e7ok say\u0131da ka\u00e7ak makaron ve t\u00fct\u00fcn ele ge\u00e7irildi. U\u015fak \u0130l Emniyet M\u00fcd\u00fcrl\u00fc\u011f\u00fc\u2019ne ba\u011fl\u0131 Ka\u00e7ak\u00e7\u0131l\u0131k ve Organize Su\u00e7larla M\u00fccadele (KOM) \u015eube M\u00fcd\u00fcrl\u00fc\u011f\u00fc ekipleri, taraf\u0131ndan ka\u00e7ak\u00e7\u0131l\u0131kla m\u00fccadele kapsam\u0131nda y\u00fcr\u00fct\u00fclen \u00e7al\u0131\u015fmalarda edinilen bilgiler \u00e7er\u00e7evesinde Elmal\u0131dere Mahallesi\u2019nde bir adrese operasyon d\u00fczenlendi. Adreste yap\u0131lan aramada 66 bin 200 ka\u00e7ak makaron,&#8230;<\/p>\n","protected":false},"author":1,"featured_media":93307,"comment_status":"open","ping_status":"open","sticky":false,"template":"","format":"standard","meta":{"_crdt_document":"","footnotes":""},"categories":[5],"tags":[],"class_list":["post-93306","post","type-post","status-publish","format-standard","has-post-thumbnail","hentry","category-asayis"],"_links":{"self":[{"href":"https:\/\/www.egemtv.com\/index.php?rest_route=\/wp\/v2\/posts\/93306","targetHints":{"allow":["GET"]}}],"collection":[{"href":"https:\/\/www.egemtv.com\/index.php?rest_route=\/wp\/v2\/posts"}],"about":[{"href":"https:\/\/www.egemtv.com\/index.php?rest_route=\/wp\/v2\/types\/post"}],"author":[{"embeddable":true,"href":"https:\/\/www.egemtv.com\/index.php?rest_route=\/wp\/v2\/users\/1"}],"replies":[{"embeddable":true,"href":"https:\/\/www.egemtv.com\/index.php?rest_route=%2Fwp%2Fv2%2Fcomments&post=93306"}],"version-history":[{"count":1,"href":"https:\/\/www.egemtv.com\/index.php?rest_route=\/wp\/v2\/posts\/93306\/revisions"}],"predecessor-version":[{"id":93308,"href":"https:\/\/www.egemtv.com\/index.php?rest_route=\/wp\/v2\/posts\/93306\/revisions\/93308"}],"wp:featuredmedia":[{"embeddable":true,"href":"https:\/\/www.egemtv.com\/index.php?rest_route=\/wp\/v2\/media\/93307"}],"wp:attachment":[{"href":"https:\/\/www.egemtv.com\/index.php?rest_route=%2Fwp%2Fv2%2Fmedia&parent=93306"}],"wp:term":[{"taxonomy":"category","embeddable":true,"href":"https:\/\/www.egemtv.com\/index.php?rest_route=%2Fwp%2Fv2%2Fcategories&post=93306"},{"taxonomy":"post_tag","embeddable":true,"href":"https:\/\/www.egemtv.com\/index.php?rest_route=%2Fwp%2Fv2%2Ftags&post=93306"}],"curies":[{"name":"wp","href":"https:\/\/api.w.org\/{rel}","templated":true}]}}