{"id":93300,"date":"2026-03-10T18:14:43","date_gmt":"2026-03-10T15:14:43","guid":{"rendered":"https:\/\/www.egemtv.com\/?p=93300"},"modified":"2026-03-10T18:14:44","modified_gmt":"2026-03-10T15:14:44","slug":"basketbol-efsanesi-okcuoglu-marmariste-son-yolculuguna-ugurlandi","status":"publish","type":"post","link":"https:\/\/www.egemtv.com\/?p=93300","title":{"rendered":"Basketbol efsanesi Ok\u00e7uo\u011flu, Marmaris\u2019te son yolculu\u011funa u\u011furland\u0131"},"content":{"rendered":"<p>T\u00fcrk basketbolunda oyuncu, antren\u00f6r ve y\u00f6netici olarak g\u00f6rev yapan, \u00f6zellikle 1970\u2019li y\u0131llar\u0131n dev tak\u0131mlar\u0131ndan \u0130T\u00dc\u2019de b\u00fcy\u00fck izler b\u0131rakan basketbol efsanelerinden Haluk Ok\u00e7uo\u011flu 80 ya\u015f\u0131nda hayat\u0131n\u0131 kaybetti. Ok\u00e7uo\u011flu, Marmaris\u2019te k\u0131l\u0131nan cenaze namaz\u0131n\u0131n ard\u0131ndan topra\u011fa verildi.<br \/>\n<br \/>Moldova Fahri Marmaris Konsolosu i\u015f insan\u0131 G\u00fcl Yaz\u0131c\u0131\u2019n\u0131n babas\u0131, i\u015f insan\u0131 ve turizmci Serkan Yaz\u0131c\u0131\u2019n\u0131n kay\u0131npederi olan Haluk Ok\u00e7uo\u011flu i\u00e7in Marmaris\u2019te cenaze t\u00f6reni d\u00fczenlendi. Haluk Ok\u00e7uo\u011flu, Armutalan Camii\u2019nde ikindi namaz\u0131na m\u00fcteakip k\u0131l\u0131nan cenaze namaz\u0131n\u0131n ard\u0131ndan g\u00f6zya\u015flar\u0131 ve dualar e\u015fli\u011finde topra\u011fa verildi.<br \/>\n<br \/>Cenaze t\u00f6renine Mu\u011fla Valisi \u0130dris Akb\u0131y\u0131k, Mu\u011fla Cumhuriyet Ba\u015fsavc\u0131s\u0131 O\u011fuzhan D\u00f6nmez, Marmaris Kaymakam\u0131 Nurullah Kaya, il ve il\u00e7e protokol\u00fcn\u00fcn yan\u0131 s\u0131ra \u00e7ok say\u0131da siyaset\u00e7i, spor camias\u0131ndan isimler ve Marmarisliler kat\u0131ld\u0131. Ok\u00e7uo\u011flu\u2019nun ailesi ve yak\u0131nlar\u0131 taziyeleri kabul ederken, sevenleri T\u00fcrk basketboluna uzun y\u0131llar emek veren Ok\u00e7uo\u011flu\u2019nu son yolculu\u011funda yaln\u0131z b\u0131rakmad\u0131. T\u00fcrk basketboluna \u00f6nemli katk\u0131lar sunan Haluk Ok\u00e7uo\u011flu, sporculu\u011funun yan\u0131 s\u0131ra antren\u00f6rl\u00fck ve y\u00f6neticilik d\u00f6nemlerinde de bir\u00e7ok sporcuya ilham kayna\u011f\u0131 olmu\u015ftu. Ok\u00e7uo\u011flu\u2019nun vefat\u0131 spor camias\u0131nda b\u00fcy\u00fck \u00fcz\u00fcnt\u00fc olu\u015fturdu.<br \/><\/p>\n","protected":false},"excerpt":{"rendered":"<p>T\u00fcrk basketbolunda oyuncu, antren\u00f6r ve y\u00f6netici olarak g\u00f6rev yapan, \u00f6zellikle 1970\u2019li y\u0131llar\u0131n dev tak\u0131mlar\u0131ndan \u0130T\u00dc\u2019de b\u00fcy\u00fck izler b\u0131rakan basketbol efsanelerinden Haluk Ok\u00e7uo\u011flu 80 ya\u015f\u0131nda hayat\u0131n\u0131 kaybetti. Ok\u00e7uo\u011flu, Marmaris\u2019te k\u0131l\u0131nan cenaze namaz\u0131n\u0131n ard\u0131ndan topra\u011fa verildi. Moldova Fahri Marmaris Konsolosu i\u015f insan\u0131 G\u00fcl Yaz\u0131c\u0131\u2019n\u0131n babas\u0131, i\u015f insan\u0131 ve turizmci Serkan Yaz\u0131c\u0131\u2019n\u0131n kay\u0131npederi olan Haluk Ok\u00e7uo\u011flu i\u00e7in Marmaris\u2019te&#8230;<\/p>\n","protected":false},"author":1,"featured_media":93301,"comment_status":"open","ping_status":"open","sticky":false,"template":"","format":"standard","meta":{"_crdt_document":"","footnotes":""},"categories":[4],"tags":[],"class_list":["post-93300","post","type-post","status-publish","format-standard","has-post-thumbnail","hentry","category-spor"],"_links":{"self":[{"href":"https:\/\/www.egemtv.com\/index.php?rest_route=\/wp\/v2\/posts\/93300","targetHints":{"allow":["GET"]}}],"collection":[{"href":"https:\/\/www.egemtv.com\/index.php?rest_route=\/wp\/v2\/posts"}],"about":[{"href":"https:\/\/www.egemtv.com\/index.php?rest_route=\/wp\/v2\/types\/post"}],"author":[{"embeddable":true,"href":"https:\/\/www.egemtv.com\/index.php?rest_route=\/wp\/v2\/users\/1"}],"replies":[{"embeddable":true,"href":"https:\/\/www.egemtv.com\/index.php?rest_route=%2Fwp%2Fv2%2Fcomments&post=93300"}],"version-history":[{"count":1,"href":"https:\/\/www.egemtv.com\/index.php?rest_route=\/wp\/v2\/posts\/93300\/revisions"}],"predecessor-version":[{"id":93302,"href":"https:\/\/www.egemtv.com\/index.php?rest_route=\/wp\/v2\/posts\/93300\/revisions\/93302"}],"wp:featuredmedia":[{"embeddable":true,"href":"https:\/\/www.egemtv.com\/index.php?rest_route=\/wp\/v2\/media\/93301"}],"wp:attachment":[{"href":"https:\/\/www.egemtv.com\/index.php?rest_route=%2Fwp%2Fv2%2Fmedia&parent=93300"}],"wp:term":[{"taxonomy":"category","embeddable":true,"href":"https:\/\/www.egemtv.com\/index.php?rest_route=%2Fwp%2Fv2%2Fcategories&post=93300"},{"taxonomy":"post_tag","embeddable":true,"href":"https:\/\/www.egemtv.com\/index.php?rest_route=%2Fwp%2Fv2%2Ftags&post=93300"}],"curies":[{"name":"wp","href":"https:\/\/api.w.org\/{rel}","templated":true}]}}