{"id":93297,"date":"2026-03-10T17:54:51","date_gmt":"2026-03-10T14:54:51","guid":{"rendered":"https:\/\/www.egemtv.com\/?p=93297"},"modified":"2026-03-10T17:54:52","modified_gmt":"2026-03-10T14:54:52","slug":"iranli-turist-krizi-bodrum-turizmini-vurdu-nevruz-oncesi-rezervasyonlarin-yuzde-70i-iptal","status":"publish","type":"post","link":"https:\/\/www.egemtv.com\/?p=93297","title":{"rendered":"\u0130ranl\u0131 turist krizi Bodrum turizmini vurdu: &#8220;Nevruz \u00f6ncesi rezervasyonlar\u0131n y\u00fczde 70\u2019i iptal&#8221;"},"content":{"rendered":"<p>ABD, \u0130srail ve \u0130ran aras\u0131ndaki gerilimin turizme yans\u0131malar\u0131 Ege B\u00f6lgesi\u2019nde hissedilmeye ba\u015fland\u0131. Nevruz d\u00f6nemi \u00f6ncesinde \u00f6zellikle \u0130ranl\u0131 turistlerden yo\u011fun talep bekleyen turizm merkezlerinde rezervasyonlar\u0131n b\u00fcy\u00fck b\u00f6l\u00fcm\u00fc iptal edilirken, u\u00e7u\u015flar\u0131n da tamamen durdu\u011fu \u00f6\u011frenildi.<br \/>\n<br \/>Turizm sekt\u00f6r\u00fc temsilcilerinden edinilen bilgilere g\u00f6re Ege B\u00f6lgesi\u2019ne gelen turist say\u0131s\u0131nda y\u00fczde 70\u2019e yak\u0131n d\u00fc\u015f\u00fc\u015f ya\u015fand\u0131. Nevruz d\u00f6neminde \u0130ran pazar\u0131ndaki kayb\u0131n y\u00fczde 80\u2019e ula\u015fabilece\u011fi belirtilirken; \u00f6zellikle Mu\u011fla, \u0130zmir, Antalya, Van ve \u0130stanbul\u2019un bu durumdan en \u00e7ok etkilenen \u015fehirler oldu\u011fu ifade edildi.<br \/>\n<br \/>Ge\u00e7ti\u011fimiz y\u0131l Nevruz d\u00f6neminde yakla\u015f\u0131k 120 bin \u0130ranl\u0131 turistin T\u00fcrkiye\u2019ye geldi\u011fi belirtilirken, bu y\u0131l ya\u015fanan geli\u015fmeler nedeniyle s\u00f6z konusu hareketlili\u011fin neredeyse tamamen durma noktas\u0131na geldi\u011fi bildirildi.<\/p>\n<p>&#8220;Rezervasyonlar\u0131n y\u00fczde 70\u2019i iptal oldu&#8221;<br \/>\n<br \/>T\u00fcrkiye Seyahat Acentalar\u0131 Birli\u011fi (T\u00dcRSAB) Bodrum Temsil Kurulu Y\u00f6netim Kurulu \u00dcyesi Hamdi Artuk, ya\u015fanan geli\u015fmelerin turizm sekt\u00f6r\u00fcn\u00fc do\u011frudan etkiledi\u011fini s\u00f6yledi. Artuk, &#8220;Nevruz d\u00f6neminde \u0130ran\u2019dan turizm hareketlili\u011fi ba\u015fl\u0131yordu. Nevruz \u015fu anda halihaz\u0131rda kutlanmayacak. Bu nedenle b\u00f6lgemizde bir\u00e7ok otelin a\u00e7\u0131l\u0131\u015f\u0131 ertelenecek. \u00d6zellikle Bodrum, Marmaris ve Fethiye b\u00f6lgesi bu durumdan ciddi \u015fekilde etkilenecek diyebiliriz. Bu y\u0131l asl\u0131nda erken rezervasyonla ba\u015flam\u0131\u015ft\u0131k. \u0130ran genelde son dakika rezervasyonlar\u0131yla \u00e7al\u0131\u015fan bir pazar ama bu y\u0131l ciddi bir \u00f6n rezervasyon alm\u0131\u015ft\u0131k. Olaylar\u0131n ba\u015flamas\u0131yla rezervasyonlar\u0131n y\u00fczde 70\u2019i iptal oldu. U\u00e7aklar\u0131n ise y\u00fczde 100\u2019\u00fc iptal edildi&#8221; dedi.<\/p>\n<p>&#8220;120 bin turistin y\u00fczde 80\u2019i kay\u0131p&#8221;<br \/>\n<br \/>Ge\u00e7en y\u0131l Nevruz d\u00f6neminde T\u00fcrkiye genelinde yakla\u015f\u0131k 120 bin \u0130ranl\u0131 turistin a\u011f\u0131rland\u0131\u011f\u0131n\u0131 belirten Artuk, bu say\u0131n\u0131n b\u00fcy\u00fck b\u00f6l\u00fcm\u00fcn\u00fcn kaybedildi\u011fini ifade etti. Artuk, &#8220;Bu turistlerin b\u00fcy\u00fck b\u00f6l\u00fcm\u00fc \u0130zmir, Antalya, Van, \u0130stanbul ve Mu\u011fla\u2019ya geliyordu. Mu\u011fla\u2019da ise \u00f6zellikle Marmaris, Fethiye ve Bodrum yo\u011fun talep g\u00f6r\u00fcyordu. Ancak \u015fu anda bu 120 bin ki\u015finin yakla\u015f\u0131k y\u00fczde 80\u2019i, y\u00fczde 85\u2019i kay\u0131p vaziyette. U\u00e7u\u015flar olmad\u0131\u011f\u0131 i\u00e7in yaln\u0131zca kara yolu ile bir hareketlilik olabilir. Muhtemelen \u00f6nce otob\u00fcslerle bir ak\u0131m olu\u015facak. Turizm hareketlili\u011finin nisan ortas\u0131 gibi yeniden ba\u015flamas\u0131n\u0131 bekliyoruz&#8221; diye konu\u015ftu.<br \/><\/p>\n","protected":false},"excerpt":{"rendered":"<p>ABD, \u0130srail ve \u0130ran aras\u0131ndaki gerilimin turizme yans\u0131malar\u0131 Ege B\u00f6lgesi\u2019nde hissedilmeye ba\u015fland\u0131. Nevruz d\u00f6nemi \u00f6ncesinde \u00f6zellikle \u0130ranl\u0131 turistlerden yo\u011fun talep bekleyen turizm merkezlerinde rezervasyonlar\u0131n b\u00fcy\u00fck b\u00f6l\u00fcm\u00fc iptal edilirken, u\u00e7u\u015flar\u0131n da tamamen durdu\u011fu \u00f6\u011frenildi. Turizm sekt\u00f6r\u00fc temsilcilerinden edinilen bilgilere g\u00f6re Ege B\u00f6lgesi\u2019ne gelen turist say\u0131s\u0131nda y\u00fczde 70\u2019e yak\u0131n d\u00fc\u015f\u00fc\u015f ya\u015fand\u0131. Nevruz d\u00f6neminde \u0130ran pazar\u0131ndaki kayb\u0131n y\u00fczde&#8230;<\/p>\n","protected":false},"author":1,"featured_media":93298,"comment_status":"open","ping_status":"open","sticky":false,"template":"","format":"standard","meta":{"_crdt_document":"","footnotes":""},"categories":[125],"tags":[],"class_list":["post-93297","post","type-post","status-publish","format-standard","has-post-thumbnail","hentry","category-ekonomi"],"_links":{"self":[{"href":"https:\/\/www.egemtv.com\/index.php?rest_route=\/wp\/v2\/posts\/93297","targetHints":{"allow":["GET"]}}],"collection":[{"href":"https:\/\/www.egemtv.com\/index.php?rest_route=\/wp\/v2\/posts"}],"about":[{"href":"https:\/\/www.egemtv.com\/index.php?rest_route=\/wp\/v2\/types\/post"}],"author":[{"embeddable":true,"href":"https:\/\/www.egemtv.com\/index.php?rest_route=\/wp\/v2\/users\/1"}],"replies":[{"embeddable":true,"href":"https:\/\/www.egemtv.com\/index.php?rest_route=%2Fwp%2Fv2%2Fcomments&post=93297"}],"version-history":[{"count":1,"href":"https:\/\/www.egemtv.com\/index.php?rest_route=\/wp\/v2\/posts\/93297\/revisions"}],"predecessor-version":[{"id":93299,"href":"https:\/\/www.egemtv.com\/index.php?rest_route=\/wp\/v2\/posts\/93297\/revisions\/93299"}],"wp:featuredmedia":[{"embeddable":true,"href":"https:\/\/www.egemtv.com\/index.php?rest_route=\/wp\/v2\/media\/93298"}],"wp:attachment":[{"href":"https:\/\/www.egemtv.com\/index.php?rest_route=%2Fwp%2Fv2%2Fmedia&parent=93297"}],"wp:term":[{"taxonomy":"category","embeddable":true,"href":"https:\/\/www.egemtv.com\/index.php?rest_route=%2Fwp%2Fv2%2Fcategories&post=93297"},{"taxonomy":"post_tag","embeddable":true,"href":"https:\/\/www.egemtv.com\/index.php?rest_route=%2Fwp%2Fv2%2Ftags&post=93297"}],"curies":[{"name":"wp","href":"https:\/\/api.w.org\/{rel}","templated":true}]}}