{"id":93294,"date":"2026-03-10T17:54:50","date_gmt":"2026-03-10T14:54:50","guid":{"rendered":"https:\/\/www.egemtv.com\/?p=93294"},"modified":"2026-03-10T17:54:51","modified_gmt":"2026-03-10T14:54:51","slug":"ogretmene-tehdit-iddiasi-sendikalari-birlestirdi","status":"publish","type":"post","link":"https:\/\/www.egemtv.com\/?p=93294","title":{"rendered":"\u00d6\u011fretmene tehdit iddias\u0131 sendikalar\u0131 birle\u015ftirdi"},"content":{"rendered":"<p>Manisa\u2019n\u0131n Yunusemre il\u00e7esinde bir velinin \u00f6\u011fretmeni tehdit etti\u011fi iddias\u0131 \u00fczerine e\u011fitim sendikalar\u0131 birlik olarak okul \u00f6n\u00fcnde bas\u0131n a\u00e7\u0131klamas\u0131 yapt\u0131. Sendika temsilcileri, &#8220;E\u011fitimde \u015fiddete asla ge\u00e7it vermeyece\u011fiz&#8221; diyerek yetkililere acil \u00f6nlem \u00e7a\u011fr\u0131s\u0131nda bulundu.<br \/>\n<br \/>Manisa\u2019n\u0131n Yunusemre il\u00e7esinde bulunan K\u0131z\u0131lay \u0130lkokulu\u2019nda g\u00f6rev yapan bir \u00f6\u011fretmenin veli taraf\u0131ndan tehdit edildi\u011fi iddias\u0131na e\u011fitim sendikalar\u0131 tepki g\u00f6sterdi. E\u011fitim Bir-Sen Manisa \u015eubesi taraf\u0131ndan d\u00fczenlenen bas\u0131n a\u00e7\u0131klamas\u0131na T\u00fcrk E\u011fitim-Sen, E\u011fitim-Sen, H\u00fcrriyet\u00e7i E\u011fitim-Sen ve E\u011fitim-\u0130\u015f sendikalar\u0131n\u0131n \u00fcyeleri de destek verdi.<br \/>\n<br \/>Okul \u00f6n\u00fcnde bir araya gelen sendika temsilcileri, \u00f6\u011fretmenlere y\u00f6nelik \u015fiddet ve tehdit olaylar\u0131n\u0131n kabul edilemez oldu\u011funu belirterek yetkilileri gerekli \u00f6nlemleri almaya \u00e7a\u011f\u0131rd\u0131.<br \/>\n<br \/>E\u011fitim Bir-Sen Yunusemre \u0130l\u00e7e Ba\u015fkan\u0131 Zeynel Mutlu yapt\u0131\u011f\u0131 a\u00e7\u0131klamada, e\u011fitimin sevgi, sayg\u0131 ve g\u00fcven temelinde y\u00fckselen bir de\u011fer oldu\u011funu vurgulayarak \u00f6\u011fretmenlerin g\u00f6revlerini huzur ve g\u00fcven i\u00e7inde yapabilmelerinin en temel haklar\u0131 oldu\u011funu s\u00f6yledi.<br \/>\n<br \/>Son d\u00f6nemde \u00f6\u011fretmenlere y\u00f6nelik s\u00f6zl\u00fc taciz, mobbing ve fiziksel \u015fiddet olaylar\u0131n\u0131n artt\u0131\u011f\u0131n\u0131 ifade eden Mutlu, &#8220;Hen\u00fcz \u0130stanbul\u2019da \u00f6\u011frencisi taraf\u0131ndan hayattan kopar\u0131lan meslekta\u015f\u0131m\u0131z Fatma \u00f6\u011fretmenin ac\u0131s\u0131 y\u00fcre\u011fimizde tazeyken, il\u00e7emizde ya\u015fanan yeni bir \u015fiddet vakas\u0131 ac\u0131m\u0131z\u0131 ve \u00f6fkemizi katlam\u0131\u015ft\u0131r. 5 Mart g\u00fcn\u00fc Yunusemre T\u00fcrk K\u0131z\u0131lay\u0131 \u0130lkokulu\u2019nda g\u00f6rev yapan \u0130ngilizce \u00f6\u011fretmenimize y\u00f6nelik ger\u00e7ekle\u015ftirilen \u015fiddet giri\u015fimini en sert \u015fekilde k\u0131n\u0131yoruz&#8221; dedi.<br \/>\n<br \/>Bir e\u011fitimciye y\u00f6nelik tehdidin kabul edilemez oldu\u011funu belirten Mutlu, &#8220;Bug\u00fcn buradan bir kez daha y\u00fcksek sesle hayk\u0131r\u0131yoruz: Art\u0131k yeter. E\u011fitimde \u015fiddete, bask\u0131ya ve itibars\u0131zla\u015ft\u0131rmaya ge\u00e7it vermeyece\u011fiz. Yetkililerden e\u011fitim \u00e7al\u0131\u015fanlar\u0131n\u0131n can g\u00fcvenli\u011finin sa\u011flanmas\u0131 ve benzer olaylar\u0131n tekrar ya\u015fanmamas\u0131 i\u00e7in gerekli t\u00fcm g\u00fcvenlik tedbirlerinin al\u0131nmas\u0131n\u0131 bekliyoruz&#8221; ifadelerini kulland\u0131.<br \/>\n<br \/>Olayla ilgili yasal s\u00fcrecin ba\u015flat\u0131ld\u0131\u011f\u0131n\u0131 da a\u00e7\u0131klayan Mutlu, failin hak etti\u011fi cezay\u0131 almas\u0131 i\u00e7in davan\u0131n sonuna kadar takip\u00e7isi olacaklar\u0131n\u0131 belirtti.<br \/>\n<br \/>Sendika temsilcileri, \u00f6\u011fretmenlere y\u00f6nelik her t\u00fcrl\u00fc bask\u0131, tehdit ve \u015fiddetin toplumun gelece\u011fine y\u00f6nelik bir sald\u0131r\u0131 oldu\u011funu vurgulayarak t\u00fcm kesimleri \u00f6\u011fretmenlere sahip \u00e7\u0131kmaya ve okullarda sayg\u0131 k\u00fclt\u00fcr\u00fcn\u00fc g\u00fc\u00e7lendirmeye davet etti.<br \/><\/p>\n","protected":false},"excerpt":{"rendered":"<p>Manisa\u2019n\u0131n Yunusemre il\u00e7esinde bir velinin \u00f6\u011fretmeni tehdit etti\u011fi iddias\u0131 \u00fczerine e\u011fitim sendikalar\u0131 birlik olarak okul \u00f6n\u00fcnde bas\u0131n a\u00e7\u0131klamas\u0131 yapt\u0131. Sendika temsilcileri, &#8220;E\u011fitimde \u015fiddete asla ge\u00e7it vermeyece\u011fiz&#8221; diyerek yetkililere acil \u00f6nlem \u00e7a\u011fr\u0131s\u0131nda bulundu. Manisa\u2019n\u0131n Yunusemre il\u00e7esinde bulunan K\u0131z\u0131lay \u0130lkokulu\u2019nda g\u00f6rev yapan bir \u00f6\u011fretmenin veli taraf\u0131ndan tehdit edildi\u011fi iddias\u0131na e\u011fitim sendikalar\u0131 tepki g\u00f6sterdi. E\u011fitim Bir-Sen Manisa \u015eubesi&#8230;<\/p>\n","protected":false},"author":1,"featured_media":93295,"comment_status":"open","ping_status":"open","sticky":false,"template":"","format":"standard","meta":{"_crdt_document":"","footnotes":""},"categories":[1],"tags":[],"class_list":["post-93294","post","type-post","status-publish","format-standard","has-post-thumbnail","hentry","category-guncel"],"_links":{"self":[{"href":"https:\/\/www.egemtv.com\/index.php?rest_route=\/wp\/v2\/posts\/93294","targetHints":{"allow":["GET"]}}],"collection":[{"href":"https:\/\/www.egemtv.com\/index.php?rest_route=\/wp\/v2\/posts"}],"about":[{"href":"https:\/\/www.egemtv.com\/index.php?rest_route=\/wp\/v2\/types\/post"}],"author":[{"embeddable":true,"href":"https:\/\/www.egemtv.com\/index.php?rest_route=\/wp\/v2\/users\/1"}],"replies":[{"embeddable":true,"href":"https:\/\/www.egemtv.com\/index.php?rest_route=%2Fwp%2Fv2%2Fcomments&post=93294"}],"version-history":[{"count":1,"href":"https:\/\/www.egemtv.com\/index.php?rest_route=\/wp\/v2\/posts\/93294\/revisions"}],"predecessor-version":[{"id":93296,"href":"https:\/\/www.egemtv.com\/index.php?rest_route=\/wp\/v2\/posts\/93294\/revisions\/93296"}],"wp:featuredmedia":[{"embeddable":true,"href":"https:\/\/www.egemtv.com\/index.php?rest_route=\/wp\/v2\/media\/93295"}],"wp:attachment":[{"href":"https:\/\/www.egemtv.com\/index.php?rest_route=%2Fwp%2Fv2%2Fmedia&parent=93294"}],"wp:term":[{"taxonomy":"category","embeddable":true,"href":"https:\/\/www.egemtv.com\/index.php?rest_route=%2Fwp%2Fv2%2Fcategories&post=93294"},{"taxonomy":"post_tag","embeddable":true,"href":"https:\/\/www.egemtv.com\/index.php?rest_route=%2Fwp%2Fv2%2Ftags&post=93294"}],"curies":[{"name":"wp","href":"https:\/\/api.w.org\/{rel}","templated":true}]}}