{"id":93291,"date":"2026-03-10T17:54:49","date_gmt":"2026-03-10T14:54:49","guid":{"rendered":"https:\/\/www.egemtv.com\/?p=93291"},"modified":"2026-03-10T17:54:50","modified_gmt":"2026-03-10T14:54:50","slug":"izmirde-47-yil-ve-33-yil-hapis-cezasiyla-aranan-iki-firari-yakalandi","status":"publish","type":"post","link":"https:\/\/www.egemtv.com\/?p=93291","title":{"rendered":"\u0130zmir\u2019de 47 y\u0131l ve 33 y\u0131l hapis cezas\u0131yla aranan iki firari yakaland\u0131"},"content":{"rendered":"<p>\u0130zmir\u2019in Konak il\u00e7esinde polis ekipleri taraf\u0131ndan y\u00fcr\u00fct\u00fclen \u00e7al\u0131\u015fmalarda, \u00e7e\u015fitli su\u00e7lardan haklar\u0131nda birinin 47 di\u011ferinin 33 y\u0131l kesinle\u015fmi\u015f hapis cezas\u0131 bulunan 2 \u015fah\u0131s yakalanarak adli makamlara teslim edildi.<br \/>\n<br \/>Konak \u0130l\u00e7e Emniyet M\u00fcd\u00fcrl\u00fc\u011f\u00fc Devriye Ekipler Amirli\u011fine ba\u011fl\u0131 ekipler, aranan \u015fah\u0131slar\u0131n yakalanmas\u0131na y\u00f6nelik \u00e7al\u0131\u015fma ger\u00e7ekle\u015ftirdi. Yap\u0131lan \u00e7al\u0131\u015fmalarda T.B. (41) isimli firari yakaland\u0131. \u015eahs\u0131n yap\u0131lan sorgusunda; ba\u015fkas\u0131na ait banka veya kredi kart\u0131n\u0131n izinsiz kullan\u0131lmas\u0131 ve doland\u0131r\u0131c\u0131l\u0131k su\u00e7lar\u0131ndan 47 y\u0131l kesinle\u015fmi\u015f hapis cezas\u0131 ile arand\u0131\u011f\u0131 belirlendi. \u015e\u00fcpheli, polis ekiplerince adli mercilere teslim edildi.<br \/>\n<br \/>Ekiplerin s\u00fcrd\u00fcrd\u00fc\u011f\u00fc saha \u00e7al\u0131\u015fmalar\u0131 \u00e7er\u00e7evesinde H.\u0130. (24) isimli firari de yakaland\u0131. \u015eahs\u0131n sorgusunda h\u0131rs\u0131zl\u0131k su\u00e7undan 33 y\u0131l 11 ay 12 g\u00fcn kesinle\u015fmi\u015f hapis cezas\u0131 ile arand\u0131\u011f\u0131 tespit edildi. G\u00f6zalt\u0131na al\u0131nan \u015f\u00fcpheli, i\u015flemlerinin ard\u0131ndan adli mercilere teslim edildi.<br \/><\/p>\n","protected":false},"excerpt":{"rendered":"<p>\u0130zmir\u2019in Konak il\u00e7esinde polis ekipleri taraf\u0131ndan y\u00fcr\u00fct\u00fclen \u00e7al\u0131\u015fmalarda, \u00e7e\u015fitli su\u00e7lardan haklar\u0131nda birinin 47 di\u011ferinin 33 y\u0131l kesinle\u015fmi\u015f hapis cezas\u0131 bulunan 2 \u015fah\u0131s yakalanarak adli makamlara teslim edildi. Konak \u0130l\u00e7e Emniyet M\u00fcd\u00fcrl\u00fc\u011f\u00fc Devriye Ekipler Amirli\u011fine ba\u011fl\u0131 ekipler, aranan \u015fah\u0131slar\u0131n yakalanmas\u0131na y\u00f6nelik \u00e7al\u0131\u015fma ger\u00e7ekle\u015ftirdi. Yap\u0131lan \u00e7al\u0131\u015fmalarda T.B. (41) isimli firari yakaland\u0131. \u015eahs\u0131n yap\u0131lan sorgusunda; ba\u015fkas\u0131na ait banka&#8230;<\/p>\n","protected":false},"author":1,"featured_media":93292,"comment_status":"open","ping_status":"open","sticky":false,"template":"","format":"standard","meta":{"_crdt_document":"","footnotes":""},"categories":[5],"tags":[],"class_list":["post-93291","post","type-post","status-publish","format-standard","has-post-thumbnail","hentry","category-asayis"],"_links":{"self":[{"href":"https:\/\/www.egemtv.com\/index.php?rest_route=\/wp\/v2\/posts\/93291","targetHints":{"allow":["GET"]}}],"collection":[{"href":"https:\/\/www.egemtv.com\/index.php?rest_route=\/wp\/v2\/posts"}],"about":[{"href":"https:\/\/www.egemtv.com\/index.php?rest_route=\/wp\/v2\/types\/post"}],"author":[{"embeddable":true,"href":"https:\/\/www.egemtv.com\/index.php?rest_route=\/wp\/v2\/users\/1"}],"replies":[{"embeddable":true,"href":"https:\/\/www.egemtv.com\/index.php?rest_route=%2Fwp%2Fv2%2Fcomments&post=93291"}],"version-history":[{"count":1,"href":"https:\/\/www.egemtv.com\/index.php?rest_route=\/wp\/v2\/posts\/93291\/revisions"}],"predecessor-version":[{"id":93293,"href":"https:\/\/www.egemtv.com\/index.php?rest_route=\/wp\/v2\/posts\/93291\/revisions\/93293"}],"wp:featuredmedia":[{"embeddable":true,"href":"https:\/\/www.egemtv.com\/index.php?rest_route=\/wp\/v2\/media\/93292"}],"wp:attachment":[{"href":"https:\/\/www.egemtv.com\/index.php?rest_route=%2Fwp%2Fv2%2Fmedia&parent=93291"}],"wp:term":[{"taxonomy":"category","embeddable":true,"href":"https:\/\/www.egemtv.com\/index.php?rest_route=%2Fwp%2Fv2%2Fcategories&post=93291"},{"taxonomy":"post_tag","embeddable":true,"href":"https:\/\/www.egemtv.com\/index.php?rest_route=%2Fwp%2Fv2%2Ftags&post=93291"}],"curies":[{"name":"wp","href":"https:\/\/api.w.org\/{rel}","templated":true}]}}