{"id":93288,"date":"2026-03-10T17:14:45","date_gmt":"2026-03-10T14:14:45","guid":{"rendered":"https:\/\/www.egemtv.com\/?p=93288"},"modified":"2026-03-10T17:14:46","modified_gmt":"2026-03-10T14:14:46","slug":"direksiyon-basinda-hayat-kurtaran-mudahaleye-on-yevmiye-tutarinda-odul","status":"publish","type":"post","link":"https:\/\/www.egemtv.com\/?p=93288","title":{"rendered":"Direksiyon ba\u015f\u0131nda hayat kurtaran m\u00fcdahaleye on yevmiye tutar\u0131nda \u00f6d\u00fcl"},"content":{"rendered":"<p>Mu\u011fla B\u00fcy\u00fck\u015fehir Belediyesi toplu ula\u015f\u0131m hizmeti kapsam\u0131nda g\u00f6rev yapan bir otob\u00fcs \u015fof\u00f6r\u00fcn\u00fcn, 23 \u015eubat 2026 tarihinde h\u0131zl\u0131 ve duyarl\u0131 m\u00fcdahalesi sayesinde kalp krizi ge\u00e7iren bir yolcu hastaneye zaman\u0131nda ula\u015ft\u0131r\u0131ld\u0131. Mu\u011fla B\u00fcy\u00fck\u015fehir Belediyesi personeli Mehmet G\u00f6nen\u2019in ayl\u0131k maa\u015f\u0131na ilave olarak 10 (on) yevmiye tutar\u0131nda \u00f6d\u00fcl verilmesine karar verilerek, Onur Belgesi takdim edildi.<br \/>\n<br \/>\u0130\u00e7meler-Marmaris g\u00fczergah\u0131nda sefer yapan toplu ula\u015f\u0131m arac\u0131, saat 16.00 s\u0131ralar\u0131nda Siteler mevkiinde bulunan Blue Port AVM \u00f6n\u00fcnden ge\u00e7ti\u011fi esnada ara\u00e7 i\u00e7erisindeki bir yolcunun kalp krizi ge\u00e7irdi\u011fi fark edildi. Acil durumun fark edilmesi \u00fczerine ara\u00e7 \u015fof\u00f6r\u00fc Mehmet G\u00f6nen, saat 16.28\u2019de g\u00fczerg\u00e2h d\u0131\u015f\u0131na \u00e7\u0131karak yolcuyu en k\u0131sa s\u00fcrede hastaneye ula\u015ft\u0131rd\u0131 ve vatanda\u015f\u0131n gerekli sa\u011fl\u0131k m\u00fcdahalesini almas\u0131 sa\u011fland\u0131.<br \/>\n<br \/>G\u00f6sterdi\u011fi duyarl\u0131l\u0131k, sorumluluk bilinci ve insan hayat\u0131na verdi\u011fi \u00f6nem nedeniyle personel Mehmet G\u00f6nen\u2019e, Mu\u011fla B\u00fcy\u00fck\u015fehir Belediye Ba\u015fkan\u0131 Ahmet Aras taraf\u0131ndan Onur Belgesi takdim edildi. Ayr\u0131ca MUTTA\u015e A.\u015e. Y\u00f6netim Kurulu taraf\u0131ndan al\u0131nan karar do\u011frultusunda, Mehmet G\u00f6nen\u2019in ayl\u0131k maa\u015f\u0131na ilave olarak 10 (on) yevmiye tutar\u0131nda \u00f6d\u00fcl verilmesine karar verildi.<\/p>\n<p>Ba\u015fkan Aras: &#8220;\u0130nsan hayat\u0131 her \u015feyden \u00f6nce gelir&#8221;<br \/>\n<br \/>K\u0131y\u0131 Ege Belediyeler Birli\u011fi ve Mu\u011fla B\u00fcy\u00fck\u015fehir Belediye Ba\u015fkan\u0131 Ahmet Aras, toplu ula\u015f\u0131m personelinin g\u00f6sterdi\u011fi \u00f6rnek davran\u0131\u015f\u0131n gurur verici oldu\u011funu belirterek \u015fu de\u011ferlendirmede bulundu:<br \/>\n<br \/>&#8220;Toplu ula\u015f\u0131m personelimiz yaln\u0131zca ula\u015f\u0131m hizmeti sunmuyor; ayn\u0131 zamanda vatanda\u015flar\u0131m\u0131z\u0131n g\u00fcvenli\u011fi ve sa\u011fl\u0131\u011f\u0131 i\u00e7in de b\u00fcy\u00fck bir sorumluluk \u00fcstleniyor. Mehmet G\u00f6nen\u2019in sergiledi\u011fi h\u0131zl\u0131 ve duyarl\u0131 m\u00fcdahale, insan hayat\u0131n\u0131n her \u015feyden \u00f6nce geldi\u011fini g\u00f6steren \u00e7ok k\u0131ymetli bir davran\u0131\u015ft\u0131r. Personelimizin bu \u00f6rnek tutumu bizleri gururland\u0131rm\u0131\u015ft\u0131r. Vatanda\u015flar\u0131m\u0131z\u0131n zor anlar\u0131nda sorumluluk alarak hayat kurtaran t\u00fcm \u00e7al\u0131\u015fanlar\u0131m\u0131za te\u015fekk\u00fcr ediyorum.&#8221;<br \/><\/p>\n","protected":false},"excerpt":{"rendered":"<p>Mu\u011fla B\u00fcy\u00fck\u015fehir Belediyesi toplu ula\u015f\u0131m hizmeti kapsam\u0131nda g\u00f6rev yapan bir otob\u00fcs \u015fof\u00f6r\u00fcn\u00fcn, 23 \u015eubat 2026 tarihinde h\u0131zl\u0131 ve duyarl\u0131 m\u00fcdahalesi sayesinde kalp krizi ge\u00e7iren bir yolcu hastaneye zaman\u0131nda ula\u015ft\u0131r\u0131ld\u0131. Mu\u011fla B\u00fcy\u00fck\u015fehir Belediyesi personeli Mehmet G\u00f6nen\u2019in ayl\u0131k maa\u015f\u0131na ilave olarak 10 (on) yevmiye tutar\u0131nda \u00f6d\u00fcl verilmesine karar verilerek, Onur Belgesi takdim edildi. \u0130\u00e7meler-Marmaris g\u00fczergah\u0131nda sefer yapan&#8230;<\/p>\n","protected":false},"author":1,"featured_media":93289,"comment_status":"open","ping_status":"open","sticky":false,"template":"","format":"standard","meta":{"_crdt_document":"","footnotes":""},"categories":[1],"tags":[],"class_list":["post-93288","post","type-post","status-publish","format-standard","has-post-thumbnail","hentry","category-guncel"],"_links":{"self":[{"href":"https:\/\/www.egemtv.com\/index.php?rest_route=\/wp\/v2\/posts\/93288","targetHints":{"allow":["GET"]}}],"collection":[{"href":"https:\/\/www.egemtv.com\/index.php?rest_route=\/wp\/v2\/posts"}],"about":[{"href":"https:\/\/www.egemtv.com\/index.php?rest_route=\/wp\/v2\/types\/post"}],"author":[{"embeddable":true,"href":"https:\/\/www.egemtv.com\/index.php?rest_route=\/wp\/v2\/users\/1"}],"replies":[{"embeddable":true,"href":"https:\/\/www.egemtv.com\/index.php?rest_route=%2Fwp%2Fv2%2Fcomments&post=93288"}],"version-history":[{"count":1,"href":"https:\/\/www.egemtv.com\/index.php?rest_route=\/wp\/v2\/posts\/93288\/revisions"}],"predecessor-version":[{"id":93290,"href":"https:\/\/www.egemtv.com\/index.php?rest_route=\/wp\/v2\/posts\/93288\/revisions\/93290"}],"wp:featuredmedia":[{"embeddable":true,"href":"https:\/\/www.egemtv.com\/index.php?rest_route=\/wp\/v2\/media\/93289"}],"wp:attachment":[{"href":"https:\/\/www.egemtv.com\/index.php?rest_route=%2Fwp%2Fv2%2Fmedia&parent=93288"}],"wp:term":[{"taxonomy":"category","embeddable":true,"href":"https:\/\/www.egemtv.com\/index.php?rest_route=%2Fwp%2Fv2%2Fcategories&post=93288"},{"taxonomy":"post_tag","embeddable":true,"href":"https:\/\/www.egemtv.com\/index.php?rest_route=%2Fwp%2Fv2%2Ftags&post=93288"}],"curies":[{"name":"wp","href":"https:\/\/api.w.org\/{rel}","templated":true}]}}