{"id":93285,"date":"2026-03-10T17:14:42","date_gmt":"2026-03-10T14:14:42","guid":{"rendered":"https:\/\/www.egemtv.com\/?p=93285"},"modified":"2026-03-10T17:14:45","modified_gmt":"2026-03-10T14:14:45","slug":"fethiyede-20-yil-hapis-cezasi-bulunan-cezaevi-firarisi-yakalandi","status":"publish","type":"post","link":"https:\/\/www.egemtv.com\/?p=93285","title":{"rendered":"Fethiye\u2019de 20 y\u0131l hapis cezas\u0131 bulunan cezaevi firarisi yakaland\u0131"},"content":{"rendered":"<p>Mu\u011fla\u2019n\u0131n Fethiye il\u00e7esinde 20 y\u0131l 4 ay kesinle\u015fmi\u015f hapis cezas\u0131 bulunan cezaevi firarisi polis ekiplerinin \u00e7al\u0131\u015fmas\u0131 sonucu yakaland\u0131.<\/p>\n<p>Fethiye \u0130l\u00e7e Emniyet M\u00fcd\u00fcrl\u00fc\u011f\u00fc Asayi\u015f B\u00fcro Amirli\u011fi ekipleri taraf\u0131ndan aranan \u015fah\u0131slar\u0131n yakalanmas\u0131na y\u00f6nelik y\u00fcr\u00fct\u00fclen \u00e7al\u0131\u015fmalar kapsam\u0131nda, cezaevi firarisi \u0130.O.\u00d6.\u2019n\u00fcn Karg\u0131 Mahallesi\u2019nde sakland\u0131\u011f\u0131 tespit edildi. Belirlenen adrese d\u00fczenlenen operasyon sonucu \u0130.O.\u00d6. yakalanarak g\u00f6zalt\u0131na al\u0131nd\u0131. Yap\u0131lan incelemede \u015f\u00fcphelinin, &#8220;uyu\u015fturucu veya uyar\u0131c\u0131 madde ticareti yapma veya sa\u011flama&#8221; su\u00e7undan 20 y\u0131l 4 ay kesinle\u015fmi\u015f hapis cezas\u0131 bulundu\u011fu belirlendi. Ayr\u0131ca &#8220;kullanmak i\u00e7in uyu\u015fturucu veya uyar\u0131c\u0131 madde sat\u0131n almak, kabul etmek, bulundurmak ve kullanmak&#8221; ile &#8220;h\u00fck\u00fcml\u00fc veya tutuklunun ka\u00e7mas\u0131&#8221; su\u00e7lar\u0131ndan da arand\u0131\u011f\u0131 tespit edildi.<\/p>\n<p>G\u00f6zalt\u0131na al\u0131nan \u0130.O.\u00d6., i\u015flemlerinin tamamlanmas\u0131n\u0131n ard\u0131ndan Fethiye Cumhuriyet Ba\u015fsavc\u0131l\u0131\u011f\u0131\u2019na sevk edildi. \u015eah\u0131s daha sonra Seydikemer E\u015fen T Tipi Kapal\u0131 Ceza \u0130nfaz Kurumu\u2019na teslim edildi.<br \/><\/p>\n","protected":false},"excerpt":{"rendered":"<p>Mu\u011fla\u2019n\u0131n Fethiye il\u00e7esinde 20 y\u0131l 4 ay kesinle\u015fmi\u015f hapis cezas\u0131 bulunan cezaevi firarisi polis ekiplerinin \u00e7al\u0131\u015fmas\u0131 sonucu yakaland\u0131. Fethiye \u0130l\u00e7e Emniyet M\u00fcd\u00fcrl\u00fc\u011f\u00fc Asayi\u015f B\u00fcro Amirli\u011fi ekipleri taraf\u0131ndan aranan \u015fah\u0131slar\u0131n yakalanmas\u0131na y\u00f6nelik y\u00fcr\u00fct\u00fclen \u00e7al\u0131\u015fmalar kapsam\u0131nda, cezaevi firarisi \u0130.O.\u00d6.\u2019n\u00fcn Karg\u0131 Mahallesi\u2019nde sakland\u0131\u011f\u0131 tespit edildi. Belirlenen adrese d\u00fczenlenen operasyon sonucu \u0130.O.\u00d6. yakalanarak g\u00f6zalt\u0131na al\u0131nd\u0131. Yap\u0131lan incelemede \u015f\u00fcphelinin, &#8220;uyu\u015fturucu&#8230;<\/p>\n","protected":false},"author":1,"featured_media":93286,"comment_status":"open","ping_status":"open","sticky":false,"template":"","format":"standard","meta":{"_crdt_document":"","footnotes":""},"categories":[5],"tags":[],"class_list":["post-93285","post","type-post","status-publish","format-standard","has-post-thumbnail","hentry","category-asayis"],"_links":{"self":[{"href":"https:\/\/www.egemtv.com\/index.php?rest_route=\/wp\/v2\/posts\/93285","targetHints":{"allow":["GET"]}}],"collection":[{"href":"https:\/\/www.egemtv.com\/index.php?rest_route=\/wp\/v2\/posts"}],"about":[{"href":"https:\/\/www.egemtv.com\/index.php?rest_route=\/wp\/v2\/types\/post"}],"author":[{"embeddable":true,"href":"https:\/\/www.egemtv.com\/index.php?rest_route=\/wp\/v2\/users\/1"}],"replies":[{"embeddable":true,"href":"https:\/\/www.egemtv.com\/index.php?rest_route=%2Fwp%2Fv2%2Fcomments&post=93285"}],"version-history":[{"count":1,"href":"https:\/\/www.egemtv.com\/index.php?rest_route=\/wp\/v2\/posts\/93285\/revisions"}],"predecessor-version":[{"id":93287,"href":"https:\/\/www.egemtv.com\/index.php?rest_route=\/wp\/v2\/posts\/93285\/revisions\/93287"}],"wp:featuredmedia":[{"embeddable":true,"href":"https:\/\/www.egemtv.com\/index.php?rest_route=\/wp\/v2\/media\/93286"}],"wp:attachment":[{"href":"https:\/\/www.egemtv.com\/index.php?rest_route=%2Fwp%2Fv2%2Fmedia&parent=93285"}],"wp:term":[{"taxonomy":"category","embeddable":true,"href":"https:\/\/www.egemtv.com\/index.php?rest_route=%2Fwp%2Fv2%2Fcategories&post=93285"},{"taxonomy":"post_tag","embeddable":true,"href":"https:\/\/www.egemtv.com\/index.php?rest_route=%2Fwp%2Fv2%2Ftags&post=93285"}],"curies":[{"name":"wp","href":"https:\/\/api.w.org\/{rel}","templated":true}]}}