{"id":93282,"date":"2026-03-10T16:54:57","date_gmt":"2026-03-10T13:54:57","guid":{"rendered":"https:\/\/www.egemtv.com\/?p=93282"},"modified":"2026-03-10T16:54:57","modified_gmt":"2026-03-10T13:54:57","slug":"43-yillik-ogretmene-huzunlu-veda","status":"publish","type":"post","link":"https:\/\/www.egemtv.com\/?p=93282","title":{"rendered":"43 y\u0131ll\u0131k \u00f6\u011fretmene h\u00fcz\u00fcnl\u00fc veda"},"content":{"rendered":"<p>Manisa\u2019da uzun y\u0131llar \u00f6\u011fretmenlik yapan emekli \u00f6\u011fretmen Nurettin Pekta\u015f, d\u00fczenlenen cenaze t\u00f6reniyle sevenlerinin g\u00f6zya\u015flar\u0131 aras\u0131nda defnedilmek \u00fczere memleketi K\u00fctahya\u2019n\u0131n \u015eaphane il\u00e7esine u\u011furland\u0131.<br \/>\n<br \/>Manisa Yunusemre Mesleki E\u011fitim Merkezi Otomotiv Teknolojisi b\u00f6l\u00fcm\u00fcnde y\u0131llarca \u00f6\u011fretmenlik yapan ve Manisa K\u00fc\u00e7\u00fck Sanayi Sitesi\u2019nde \u00e7ok say\u0131da usta yeti\u015ftiren 2 \u00e7ocuk babas\u0131 emekli \u00f6\u011fretmen Nurettin Pekta\u015f (68), tedavi g\u00f6rd\u00fc\u011f\u00fc Manisa Celal Bayar \u00dcniversitesi Hafsa Sultan Hastanesi\u2019nde hayat\u0131n\u0131 kaybetti.<br \/>\n<br \/>2023 y\u0131l\u0131nda rahats\u0131zl\u0131\u011f\u0131 nedeniyle emeklilik dilek\u00e7esi verdi\u011fi ve ard\u0131ndan ameliyat oldu\u011fu \u00f6\u011frenilen Pekta\u015f\u2019\u0131n tedavisi bir s\u00fcre devam etti.<br \/>\n<br \/>Merhum Pekta\u015f i\u00e7in Manisa K\u00fc\u00e7\u00fck Sanayi Sitesi\u2019nde bulunan Sanayi Camii\u2019nde cenaze t\u00f6reni d\u00fczenlendi. Cenazeye ailesi, mesai arkada\u015flar\u0131, spor camias\u0131ndan isimler ve \u00e7ok say\u0131da sanayi esnaf\u0131 kat\u0131ld\u0131.<br \/>\n<br \/>K\u0131l\u0131nan cenaze namaz\u0131n\u0131n ard\u0131ndan Pekta\u015f\u2019\u0131n cenazesinin, 11 Mart \u00c7ar\u015famba g\u00fcn\u00fc memleketi K\u00fctahya\u2019n\u0131n \u015eaphane il\u00e7esi \u0130nece\u011fiz k\u00f6y\u00fcnde topra\u011fa verilece\u011fi \u00f6\u011frenildi.<br \/><\/p>\n","protected":false},"excerpt":{"rendered":"<p>Manisa\u2019da uzun y\u0131llar \u00f6\u011fretmenlik yapan emekli \u00f6\u011fretmen Nurettin Pekta\u015f, d\u00fczenlenen cenaze t\u00f6reniyle sevenlerinin g\u00f6zya\u015flar\u0131 aras\u0131nda defnedilmek \u00fczere memleketi K\u00fctahya\u2019n\u0131n \u015eaphane il\u00e7esine u\u011furland\u0131. Manisa Yunusemre Mesleki E\u011fitim Merkezi Otomotiv Teknolojisi b\u00f6l\u00fcm\u00fcnde y\u0131llarca \u00f6\u011fretmenlik yapan ve Manisa K\u00fc\u00e7\u00fck Sanayi Sitesi\u2019nde \u00e7ok say\u0131da usta yeti\u015ftiren 2 \u00e7ocuk babas\u0131 emekli \u00f6\u011fretmen Nurettin Pekta\u015f (68), tedavi g\u00f6rd\u00fc\u011f\u00fc Manisa Celal Bayar&#8230;<\/p>\n","protected":false},"author":1,"featured_media":93283,"comment_status":"open","ping_status":"open","sticky":false,"template":"","format":"standard","meta":{"_crdt_document":"","footnotes":""},"categories":[5],"tags":[],"class_list":["post-93282","post","type-post","status-publish","format-standard","has-post-thumbnail","hentry","category-asayis"],"_links":{"self":[{"href":"https:\/\/www.egemtv.com\/index.php?rest_route=\/wp\/v2\/posts\/93282","targetHints":{"allow":["GET"]}}],"collection":[{"href":"https:\/\/www.egemtv.com\/index.php?rest_route=\/wp\/v2\/posts"}],"about":[{"href":"https:\/\/www.egemtv.com\/index.php?rest_route=\/wp\/v2\/types\/post"}],"author":[{"embeddable":true,"href":"https:\/\/www.egemtv.com\/index.php?rest_route=\/wp\/v2\/users\/1"}],"replies":[{"embeddable":true,"href":"https:\/\/www.egemtv.com\/index.php?rest_route=%2Fwp%2Fv2%2Fcomments&post=93282"}],"version-history":[{"count":1,"href":"https:\/\/www.egemtv.com\/index.php?rest_route=\/wp\/v2\/posts\/93282\/revisions"}],"predecessor-version":[{"id":93284,"href":"https:\/\/www.egemtv.com\/index.php?rest_route=\/wp\/v2\/posts\/93282\/revisions\/93284"}],"wp:featuredmedia":[{"embeddable":true,"href":"https:\/\/www.egemtv.com\/index.php?rest_route=\/wp\/v2\/media\/93283"}],"wp:attachment":[{"href":"https:\/\/www.egemtv.com\/index.php?rest_route=%2Fwp%2Fv2%2Fmedia&parent=93282"}],"wp:term":[{"taxonomy":"category","embeddable":true,"href":"https:\/\/www.egemtv.com\/index.php?rest_route=%2Fwp%2Fv2%2Fcategories&post=93282"},{"taxonomy":"post_tag","embeddable":true,"href":"https:\/\/www.egemtv.com\/index.php?rest_route=%2Fwp%2Fv2%2Ftags&post=93282"}],"curies":[{"name":"wp","href":"https:\/\/api.w.org\/{rel}","templated":true}]}}