{"id":93279,"date":"2026-03-10T16:54:55","date_gmt":"2026-03-10T13:54:55","guid":{"rendered":"https:\/\/www.egemtv.com\/?p=93279"},"modified":"2026-03-10T16:54:56","modified_gmt":"2026-03-10T13:54:56","slug":"incirliova-belediyespor-u-15-takimi-sampiyonlugunu-ilan-etti","status":"publish","type":"post","link":"https:\/\/www.egemtv.com\/?p=93279","title":{"rendered":"\u0130ncirliova Belediyespor U-15 tak\u0131m\u0131, \u015fampiyonlu\u011funu ilan etti"},"content":{"rendered":"<p>Ayd\u0131n U-15 Geli\u015fim Ligi 2. Grup tak\u0131mlar\u0131ndan \u0130ncirliova Belediyespor U-15 tak\u0131m\u0131, ligin bitimine bir hafta kala \u015fampiyonlu\u011funu ilan etti.<\/p>\n<p>Ayd\u0131n U-15 Geli\u015fim Ligi 2. Grup\u2019ta ligin bitimine bir hafta kala \u015fampiyon belli oldu. \u0130ncirliova Belediyespor U-15 tak\u0131m\u0131, son haftaya girerken \u015fampiyonlu\u011funu garantiledi. \u015eampiyonlu\u011funu ilan eden \u0130ncirliova Belediyespor\u2019dan yap\u0131lan a\u00e7\u0131klamada &#8220;Ayd\u0131n U-15 Geli\u015fim Ligi 2. Grup\u2019u son bir ma\u00e7 kala \u015fampiyon olarak tamamlayan \u0130ncirliova Belediyespor U-15 tak\u0131m\u0131m\u0131z\u0131 g\u00f6n\u00fclden tebrik ediyoruz. Bu b\u00fcy\u00fck ba\u015far\u0131da eme\u011fi bulunan ba\u015fta futbolcular\u0131m\u0131z olmak \u00fczere, teknik heyetimize, y\u00f6netimimize, taraftarlar\u0131m\u0131za ve kul\u00fcb\u00fcm\u00fcz\u00fcn t\u00fcm destek\u00e7ilerine y\u00fcrekten te\u015fekk\u00fcr ediyoruz. A tak\u0131m-gen\u00e7 tak\u0131m ayr\u0131m\u0131 yapmadan her zaman kul\u00fcb\u00fcm\u00fcz\u00fcn yan\u0131nda olan \u0130ncirliova Belediye Ba\u015fkan\u0131m\u0131z Aytekin Kaya\u2019ya ayr\u0131ca te\u015fekk\u00fcr ediyoruz. Kul\u00fcb\u00fcm\u00fcz, \u0130ncirlioval\u0131 evlatlar\u0131m\u0131z\u0131n sporu sevmesi, ba\u015far\u0131l\u0131 ve ahlakl\u0131 sporcular olarak yeti\u015fmesi i\u00e7in her zaman onlar\u0131n yan\u0131nda olmaya devam edecektir. Bu daha ba\u015flang\u0131\u00e7, hep birlikte nice \u015fampiyonluklara&#8221; ifadeleri yer ald\u0131.<br \/><\/p>\n","protected":false},"excerpt":{"rendered":"<p>Ayd\u0131n U-15 Geli\u015fim Ligi 2. Grup tak\u0131mlar\u0131ndan \u0130ncirliova Belediyespor U-15 tak\u0131m\u0131, ligin bitimine bir hafta kala \u015fampiyonlu\u011funu ilan etti. Ayd\u0131n U-15 Geli\u015fim Ligi 2. Grup\u2019ta ligin bitimine bir hafta kala \u015fampiyon belli oldu. \u0130ncirliova Belediyespor U-15 tak\u0131m\u0131, son haftaya girerken \u015fampiyonlu\u011funu garantiledi. \u015eampiyonlu\u011funu ilan eden \u0130ncirliova Belediyespor\u2019dan yap\u0131lan a\u00e7\u0131klamada &#8220;Ayd\u0131n U-15 Geli\u015fim Ligi 2. Grup\u2019u&#8230;<\/p>\n","protected":false},"author":1,"featured_media":93280,"comment_status":"open","ping_status":"open","sticky":false,"template":"","format":"standard","meta":{"_crdt_document":"","footnotes":""},"categories":[4],"tags":[],"class_list":["post-93279","post","type-post","status-publish","format-standard","has-post-thumbnail","hentry","category-spor"],"_links":{"self":[{"href":"https:\/\/www.egemtv.com\/index.php?rest_route=\/wp\/v2\/posts\/93279","targetHints":{"allow":["GET"]}}],"collection":[{"href":"https:\/\/www.egemtv.com\/index.php?rest_route=\/wp\/v2\/posts"}],"about":[{"href":"https:\/\/www.egemtv.com\/index.php?rest_route=\/wp\/v2\/types\/post"}],"author":[{"embeddable":true,"href":"https:\/\/www.egemtv.com\/index.php?rest_route=\/wp\/v2\/users\/1"}],"replies":[{"embeddable":true,"href":"https:\/\/www.egemtv.com\/index.php?rest_route=%2Fwp%2Fv2%2Fcomments&post=93279"}],"version-history":[{"count":1,"href":"https:\/\/www.egemtv.com\/index.php?rest_route=\/wp\/v2\/posts\/93279\/revisions"}],"predecessor-version":[{"id":93281,"href":"https:\/\/www.egemtv.com\/index.php?rest_route=\/wp\/v2\/posts\/93279\/revisions\/93281"}],"wp:featuredmedia":[{"embeddable":true,"href":"https:\/\/www.egemtv.com\/index.php?rest_route=\/wp\/v2\/media\/93280"}],"wp:attachment":[{"href":"https:\/\/www.egemtv.com\/index.php?rest_route=%2Fwp%2Fv2%2Fmedia&parent=93279"}],"wp:term":[{"taxonomy":"category","embeddable":true,"href":"https:\/\/www.egemtv.com\/index.php?rest_route=%2Fwp%2Fv2%2Fcategories&post=93279"},{"taxonomy":"post_tag","embeddable":true,"href":"https:\/\/www.egemtv.com\/index.php?rest_route=%2Fwp%2Fv2%2Ftags&post=93279"}],"curies":[{"name":"wp","href":"https:\/\/api.w.org\/{rel}","templated":true}]}}