{"id":93276,"date":"2026-03-10T16:54:53","date_gmt":"2026-03-10T13:54:53","guid":{"rendered":"https:\/\/www.egemtv.com\/?p=93276"},"modified":"2026-03-10T16:54:55","modified_gmt":"2026-03-10T13:54:55","slug":"salihlide-ogrencilerden-ramazanda-dayanisma-ornegi","status":"publish","type":"post","link":"https:\/\/www.egemtv.com\/?p=93276","title":{"rendered":"Salihli\u2019de \u00f6\u011frencilerden Ramazan\u2019da dayan\u0131\u015fma \u00f6rne\u011fi"},"content":{"rendered":"<p>Manisa\u2019n\u0131n Salihli il\u00e7esindeki Misak-\u0131 Milli \u0130lkokulu ve Ortaokulu \u00f6\u011frencileri, Ramazan ay\u0131 vesilesiyle toplumsal dayan\u0131\u015fma ve yard\u0131mla\u015fma ruhunu peki\u015ftiren anlaml\u0131 bir projeye imza att\u0131.<br \/>\n<br \/>Her s\u0131n\u0131f\u0131n bir koli haz\u0131rlad\u0131\u011f\u0131 proje kapsam\u0131nda \u00f6\u011frenciler, \u00f6\u011fretmenlerinin deste\u011fiyle temel g\u0131da maddeleri, kuru bakliyat ve temizlik \u00fcr\u00fcnlerinden olu\u015fan Ramazan kolilerini ihtiya\u00e7 sahiplerine ula\u015ft\u0131rd\u0131.<br \/>\n<br \/>Okul m\u00fcd\u00fcr\u00fc Mehmet Y\u00fccel Ersoy, &#8220;\u00d6\u011frencilerimizin toplumsal sorumluluk bilinci geli\u015ftirmesi ve payla\u015fman\u0131n de\u011ferini kavramas\u0131 i\u00e7in bu t\u00fcr projeler \u00e7ok \u00f6nemli. Ramazan ay\u0131, yard\u0131mla\u015fma ve dayan\u0131\u015fman\u0131n en g\u00fczel \u015fekilde ya\u015fand\u0131\u011f\u0131 bir d\u00f6nemdir. Her s\u0131n\u0131f\u0131n bir koli haz\u0131rlamas\u0131yla hem birlik hem de yard\u0131mla\u015fma ruhunu peki\u015ftirdik&#8221; dedi.<br \/>\n<br \/>Projeye kat\u0131lan \u00f6\u011frenciler de mutluluklar\u0131n\u0131, &#8220;Birlikte haz\u0131rlad\u0131\u011f\u0131m\u0131z kolilerle hem ihtiya\u00e7 sahiplerini sevindirdik hem de payla\u015fman\u0131n ne kadar g\u00fczel bir duygu oldu\u011funu \u00f6\u011frendik&#8221; s\u00f6zleriyle dile getirdi.<br \/><\/p>\n","protected":false},"excerpt":{"rendered":"<p>Manisa\u2019n\u0131n Salihli il\u00e7esindeki Misak-\u0131 Milli \u0130lkokulu ve Ortaokulu \u00f6\u011frencileri, Ramazan ay\u0131 vesilesiyle toplumsal dayan\u0131\u015fma ve yard\u0131mla\u015fma ruhunu peki\u015ftiren anlaml\u0131 bir projeye imza att\u0131. Her s\u0131n\u0131f\u0131n bir koli haz\u0131rlad\u0131\u011f\u0131 proje kapsam\u0131nda \u00f6\u011frenciler, \u00f6\u011fretmenlerinin deste\u011fiyle temel g\u0131da maddeleri, kuru bakliyat ve temizlik \u00fcr\u00fcnlerinden olu\u015fan Ramazan kolilerini ihtiya\u00e7 sahiplerine ula\u015ft\u0131rd\u0131. Okul m\u00fcd\u00fcr\u00fc Mehmet Y\u00fccel Ersoy, &#8220;\u00d6\u011frencilerimizin toplumsal sorumluluk&#8230;<\/p>\n","protected":false},"author":1,"featured_media":93277,"comment_status":"open","ping_status":"open","sticky":false,"template":"","format":"standard","meta":{"_crdt_document":"","footnotes":""},"categories":[1],"tags":[],"class_list":["post-93276","post","type-post","status-publish","format-standard","has-post-thumbnail","hentry","category-guncel"],"_links":{"self":[{"href":"https:\/\/www.egemtv.com\/index.php?rest_route=\/wp\/v2\/posts\/93276","targetHints":{"allow":["GET"]}}],"collection":[{"href":"https:\/\/www.egemtv.com\/index.php?rest_route=\/wp\/v2\/posts"}],"about":[{"href":"https:\/\/www.egemtv.com\/index.php?rest_route=\/wp\/v2\/types\/post"}],"author":[{"embeddable":true,"href":"https:\/\/www.egemtv.com\/index.php?rest_route=\/wp\/v2\/users\/1"}],"replies":[{"embeddable":true,"href":"https:\/\/www.egemtv.com\/index.php?rest_route=%2Fwp%2Fv2%2Fcomments&post=93276"}],"version-history":[{"count":1,"href":"https:\/\/www.egemtv.com\/index.php?rest_route=\/wp\/v2\/posts\/93276\/revisions"}],"predecessor-version":[{"id":93278,"href":"https:\/\/www.egemtv.com\/index.php?rest_route=\/wp\/v2\/posts\/93276\/revisions\/93278"}],"wp:featuredmedia":[{"embeddable":true,"href":"https:\/\/www.egemtv.com\/index.php?rest_route=\/wp\/v2\/media\/93277"}],"wp:attachment":[{"href":"https:\/\/www.egemtv.com\/index.php?rest_route=%2Fwp%2Fv2%2Fmedia&parent=93276"}],"wp:term":[{"taxonomy":"category","embeddable":true,"href":"https:\/\/www.egemtv.com\/index.php?rest_route=%2Fwp%2Fv2%2Fcategories&post=93276"},{"taxonomy":"post_tag","embeddable":true,"href":"https:\/\/www.egemtv.com\/index.php?rest_route=%2Fwp%2Fv2%2Ftags&post=93276"}],"curies":[{"name":"wp","href":"https:\/\/api.w.org\/{rel}","templated":true}]}}