{"id":93273,"date":"2026-03-10T16:34:56","date_gmt":"2026-03-10T13:34:56","guid":{"rendered":"https:\/\/www.egemtv.com\/?p=93273"},"modified":"2026-03-10T16:34:57","modified_gmt":"2026-03-10T13:34:57","slug":"kutahyada-otomobil-takla-atti-1-yarali","status":"publish","type":"post","link":"https:\/\/www.egemtv.com\/?p=93273","title":{"rendered":"K\u00fctahya\u2019da otomobil takla att\u0131: 1 yaral\u0131"},"content":{"rendered":"<p>K\u00fctahya\u2019n\u0131n Tav\u015fanl\u0131 il\u00e7esinde meydana gelen trafik kazas\u0131nda bir ki\u015fi yaraland\u0131.<br \/>\n<br \/>Kaza, Tav\u015fanl\u0131 il\u00e7esine ba\u011fl\u0131 Moymul Mahallesi Dedeler Caddesi \u00fczerinde meydana geldi. Edinilen bilgilere g\u00f6re, il\u00e7e merkezi istikametinden Dedeler Mahallesi y\u00f6n\u00fcne do\u011fru seyir halinde olan S.Z. y\u00f6netimindeki 43 HY 570 plakal\u0131 otomobil, s\u00fcr\u00fcc\u00fcs\u00fcn\u00fcn direksiyon hakimiyetini kaybetmesi sonucu kontrolden \u00e7\u0131kt\u0131. Yol kenar\u0131ndaki bord\u00fcr ta\u015f\u0131na \u00e7arpan otomobil, \u00e7arpman\u0131n etkisiyle takla atarak durabildi. Kazay\u0131 g\u00f6ren vatanda\u015flar\u0131n ihbar\u0131 \u00fczerine olay yerine itfaiye, polis ve sa\u011fl\u0131k ekipleri sevk edildi. Kazada yaralanan s\u00fcr\u00fcc\u00fc S.Z., sa\u011fl\u0131k ekiplerinin olay yerinde yapt\u0131\u011f\u0131 ilk m\u00fcdahalenin ard\u0131ndan Tav\u015fanl\u0131 Do\u00e7. Dr. Mustafa Kalemli Devlet Hastanesi\u2019ne kald\u0131r\u0131ld\u0131.<br \/>\n<br \/>Hastanede tedavi alt\u0131na al\u0131nan yaral\u0131n\u0131n sa\u011fl\u0131k durumunun iyi oldu\u011fu \u00f6\u011frenilirken, polis ekipleri kazayla ilgili inceleme ba\u015flatt\u0131.<br \/><\/p>\n","protected":false},"excerpt":{"rendered":"<p>K\u00fctahya\u2019n\u0131n Tav\u015fanl\u0131 il\u00e7esinde meydana gelen trafik kazas\u0131nda bir ki\u015fi yaraland\u0131. Kaza, Tav\u015fanl\u0131 il\u00e7esine ba\u011fl\u0131 Moymul Mahallesi Dedeler Caddesi \u00fczerinde meydana geldi. Edinilen bilgilere g\u00f6re, il\u00e7e merkezi istikametinden Dedeler Mahallesi y\u00f6n\u00fcne do\u011fru seyir halinde olan S.Z. y\u00f6netimindeki 43 HY 570 plakal\u0131 otomobil, s\u00fcr\u00fcc\u00fcs\u00fcn\u00fcn direksiyon hakimiyetini kaybetmesi sonucu kontrolden \u00e7\u0131kt\u0131. Yol kenar\u0131ndaki bord\u00fcr ta\u015f\u0131na \u00e7arpan otomobil, \u00e7arpman\u0131n&#8230;<\/p>\n","protected":false},"author":1,"featured_media":93274,"comment_status":"open","ping_status":"open","sticky":false,"template":"","format":"standard","meta":{"_crdt_document":"","footnotes":""},"categories":[5],"tags":[],"class_list":["post-93273","post","type-post","status-publish","format-standard","has-post-thumbnail","hentry","category-asayis"],"_links":{"self":[{"href":"https:\/\/www.egemtv.com\/index.php?rest_route=\/wp\/v2\/posts\/93273","targetHints":{"allow":["GET"]}}],"collection":[{"href":"https:\/\/www.egemtv.com\/index.php?rest_route=\/wp\/v2\/posts"}],"about":[{"href":"https:\/\/www.egemtv.com\/index.php?rest_route=\/wp\/v2\/types\/post"}],"author":[{"embeddable":true,"href":"https:\/\/www.egemtv.com\/index.php?rest_route=\/wp\/v2\/users\/1"}],"replies":[{"embeddable":true,"href":"https:\/\/www.egemtv.com\/index.php?rest_route=%2Fwp%2Fv2%2Fcomments&post=93273"}],"version-history":[{"count":1,"href":"https:\/\/www.egemtv.com\/index.php?rest_route=\/wp\/v2\/posts\/93273\/revisions"}],"predecessor-version":[{"id":93275,"href":"https:\/\/www.egemtv.com\/index.php?rest_route=\/wp\/v2\/posts\/93273\/revisions\/93275"}],"wp:featuredmedia":[{"embeddable":true,"href":"https:\/\/www.egemtv.com\/index.php?rest_route=\/wp\/v2\/media\/93274"}],"wp:attachment":[{"href":"https:\/\/www.egemtv.com\/index.php?rest_route=%2Fwp%2Fv2%2Fmedia&parent=93273"}],"wp:term":[{"taxonomy":"category","embeddable":true,"href":"https:\/\/www.egemtv.com\/index.php?rest_route=%2Fwp%2Fv2%2Fcategories&post=93273"},{"taxonomy":"post_tag","embeddable":true,"href":"https:\/\/www.egemtv.com\/index.php?rest_route=%2Fwp%2Fv2%2Ftags&post=93273"}],"curies":[{"name":"wp","href":"https:\/\/api.w.org\/{rel}","templated":true}]}}