{"id":93270,"date":"2026-03-10T16:34:55","date_gmt":"2026-03-10T13:34:55","guid":{"rendered":"https:\/\/www.egemtv.com\/?p=93270"},"modified":"2026-03-10T16:34:56","modified_gmt":"2026-03-10T13:34:56","slug":"muhtarlar-konfederasyonu-heyeti-ispartada-bir-araya-geldi","status":"publish","type":"post","link":"https:\/\/www.egemtv.com\/?p=93270","title":{"rendered":"Muhtarlar konfederasyonu heyeti Isparta\u2019da bir araya geldi"},"content":{"rendered":"<p>T\u00fcrkiye Muhtarlar Konfederasyonu Genel Ba\u015fkan\u0131 Kadir Delibalta ve beraberindeki heyet, Isparta Belediye Ba\u015fkan\u0131 \u015e\u00fckr\u00fc Ba\u015fde\u011firmen\u2019i makam\u0131nda ziyaret etti.<br \/>\n<br \/>T\u00fcrkiye Muhtarlar Konfederasyonu Genel Ba\u015fkan\u0131 Kadir Delibalta, y\u00f6netiminde yer alan Akdeniz Muhtarlar Federasyonu Ba\u015fkan\u0131 Mahmut G\u00fclc\u00fc, Isparta Muhtarlar Derne\u011fi Ba\u015fkan\u0131 G\u00f6khan B\u00fcy\u00fckleblebi, Adana Muhtarlar Derne\u011fi Ba\u015fkan\u0131 Ata \u00dcr\u00fcn, Osmaniye Muhtarlar Derne\u011fi Ba\u015fkan\u0131 Ali Kama, Adana \u00c7ukurova Muhtarlar Derne\u011fi Ba\u015fkan\u0131 Sibel Polat, Burdur Muhtarlar Derne\u011fi Ba\u015fkan\u0131 Mustafa Akta\u015f, Adana Seyhan \u0130l\u00e7esi P\u0131nar Mahalle Muhtar\u0131 Saniye \u00c7elik ve Ispartal\u0131 muhtarlar ile birlikte Belediye Ba\u015fkan\u0131 \u015e\u00fckr\u00fc Ba\u015fde\u011firmen\u2019i makam\u0131nda ziyaret etti.<br \/>\n<br \/>T\u00fcrkiye Muhtarlar Konfederasyonu Genel Ba\u015fkan\u0131 Kadir Delibalta ve y\u00f6netim kurulu \u00fcyeleri, Isparta Belediye Ba\u015fkan\u0131 \u015e\u00fckr\u00fc Ba\u015fde\u011firmen\u2019i makam\u0131nda ziyaret etti. Ziyarette konu\u015fan T\u00fcrkiye Muhtarlar Konfederasyonu Genel Ba\u015fkan\u0131 Kadir Delibalta, Isparta Muhtarlar Derne\u011fi\u2019nin ola\u011fan genel kurul toplant\u0131s\u0131na kat\u0131lmak \u00fczere kente geldiklerini belirterek, genel kurulda mevcut Ba\u015fkan G\u00f6khan B\u00fcy\u00fckleblebi\u2019nin yeniden se\u00e7ildi\u011fini s\u00f6yledi. Delibalta, muhtarlar ile yerel y\u00f6netimler aras\u0131ndaki i\u015f birli\u011finin \u00f6nemine de\u011finerek, belediyelerin muhtarlarla koordineli \u00e7al\u0131\u015fmas\u0131n\u0131n hizmetlerin sahaya yans\u0131mas\u0131nda etkili oldu\u011funu ifade etti.<\/p>\n<p>Muhtarlarla i\u015f birli\u011fi vurgusu<br \/>\n<br \/>Belediye Ba\u015fkan\u0131 \u015e\u00fckr\u00fc Ba\u015fde\u011firmen ise muhtarlar\u0131n yerel y\u00f6netimler a\u00e7\u0131s\u0131ndan \u00f6nemli bir g\u00f6rev \u00fcstlendi\u011fini belirterek, mahallelerdeki sorun ve taleplerin muhtarlar arac\u0131l\u0131\u011f\u0131yla belediyeye iletildi\u011fini s\u00f6yledi. Ba\u015fde\u011firmen, vatanda\u015flarla belediye aras\u0131nda ileti\u015fimin sa\u011flanmas\u0131nda muhtarlar\u0131n \u00f6nemli rol \u00fcstlendi\u011fini ifade etti. Ziyaret, kar\u015f\u0131l\u0131kl\u0131 g\u00f6r\u00fc\u015f al\u0131\u015fveri\u015finin ard\u0131ndan sona erdi.<br \/>\n<br \/>Ziyarete Delibalta\u2019n\u0131n yan\u0131 s\u0131ra Akdeniz Muhtarlar Federasyonu Ba\u015fkan\u0131 Mahmut G\u00fclc\u00fc, Isparta Muhtarlar Derne\u011fi Ba\u015fkan\u0131 G\u00f6khan B\u00fcy\u00fckleblebi, Adana Muhtarlar Derne\u011fi Ba\u015fkan\u0131 Ata \u00dcr\u00fcn, Osmaniye Muhtarlar Derne\u011fi Ba\u015fkan\u0131 Ali Kama, Adana \u00c7ukurova Muhtarlar Derne\u011fi Ba\u015fkan\u0131 Sibel Polat, Burdur Muhtarlar Derne\u011fi Ba\u015fkan\u0131 Mustafa Akta\u015f, Adana Seyhan il\u00e7esi P\u0131nar Mahalle Muhtar\u0131 Saniye \u00c7elik ile Ispartal\u0131 muhtarlar kat\u0131ld\u0131.<br \/><\/p>\n","protected":false},"excerpt":{"rendered":"<p>T\u00fcrkiye Muhtarlar Konfederasyonu Genel Ba\u015fkan\u0131 Kadir Delibalta ve beraberindeki heyet, Isparta Belediye Ba\u015fkan\u0131 \u015e\u00fckr\u00fc Ba\u015fde\u011firmen\u2019i makam\u0131nda ziyaret etti. T\u00fcrkiye Muhtarlar Konfederasyonu Genel Ba\u015fkan\u0131 Kadir Delibalta, y\u00f6netiminde yer alan Akdeniz Muhtarlar Federasyonu Ba\u015fkan\u0131 Mahmut G\u00fclc\u00fc, Isparta Muhtarlar Derne\u011fi Ba\u015fkan\u0131 G\u00f6khan B\u00fcy\u00fckleblebi, Adana Muhtarlar Derne\u011fi Ba\u015fkan\u0131 Ata \u00dcr\u00fcn, Osmaniye Muhtarlar Derne\u011fi Ba\u015fkan\u0131 Ali Kama, Adana \u00c7ukurova Muhtarlar&#8230;<\/p>\n","protected":false},"author":1,"featured_media":93271,"comment_status":"open","ping_status":"open","sticky":false,"template":"","format":"standard","meta":{"_crdt_document":"","footnotes":""},"categories":[127],"tags":[],"class_list":["post-93270","post","type-post","status-publish","format-standard","has-post-thumbnail","hentry","category-siyaset"],"_links":{"self":[{"href":"https:\/\/www.egemtv.com\/index.php?rest_route=\/wp\/v2\/posts\/93270","targetHints":{"allow":["GET"]}}],"collection":[{"href":"https:\/\/www.egemtv.com\/index.php?rest_route=\/wp\/v2\/posts"}],"about":[{"href":"https:\/\/www.egemtv.com\/index.php?rest_route=\/wp\/v2\/types\/post"}],"author":[{"embeddable":true,"href":"https:\/\/www.egemtv.com\/index.php?rest_route=\/wp\/v2\/users\/1"}],"replies":[{"embeddable":true,"href":"https:\/\/www.egemtv.com\/index.php?rest_route=%2Fwp%2Fv2%2Fcomments&post=93270"}],"version-history":[{"count":1,"href":"https:\/\/www.egemtv.com\/index.php?rest_route=\/wp\/v2\/posts\/93270\/revisions"}],"predecessor-version":[{"id":93272,"href":"https:\/\/www.egemtv.com\/index.php?rest_route=\/wp\/v2\/posts\/93270\/revisions\/93272"}],"wp:featuredmedia":[{"embeddable":true,"href":"https:\/\/www.egemtv.com\/index.php?rest_route=\/wp\/v2\/media\/93271"}],"wp:attachment":[{"href":"https:\/\/www.egemtv.com\/index.php?rest_route=%2Fwp%2Fv2%2Fmedia&parent=93270"}],"wp:term":[{"taxonomy":"category","embeddable":true,"href":"https:\/\/www.egemtv.com\/index.php?rest_route=%2Fwp%2Fv2%2Fcategories&post=93270"},{"taxonomy":"post_tag","embeddable":true,"href":"https:\/\/www.egemtv.com\/index.php?rest_route=%2Fwp%2Fv2%2Ftags&post=93270"}],"curies":[{"name":"wp","href":"https:\/\/api.w.org\/{rel}","templated":true}]}}