{"id":93267,"date":"2026-03-10T16:14:46","date_gmt":"2026-03-10T13:14:46","guid":{"rendered":"https:\/\/www.egemtv.com\/?p=93267"},"modified":"2026-03-10T16:14:47","modified_gmt":"2026-03-10T13:14:47","slug":"koycegizde-ormancilik-bolumu-ogrencilerine-seminer-duzenlendi","status":"publish","type":"post","link":"https:\/\/www.egemtv.com\/?p=93267","title":{"rendered":"K\u00f6yce\u011fiz\u2019de ormanc\u0131l\u0131k b\u00f6l\u00fcm\u00fc \u00f6\u011frencilerine seminer d\u00fczenlendi"},"content":{"rendered":"<p>Mu\u011fla\u2019n\u0131n K\u00f6yce\u011fiz il\u00e7esinde Meslek Y\u00fcksekokulu Ormanc\u0131l\u0131k B\u00f6l\u00fcm\u00fc \u00f6\u011frencilerine y\u00f6nelik &#8220;Ormanc\u0131l\u0131k Su\u00e7lar\u0131n\u0131n D\u00fczenlenmesinin Esaslar\u0131&#8221; ba\u015fl\u0131kl\u0131 seminer d\u00fczenlendi.<\/p>\n<p>Y\u00fcksekokul Ormanc\u0131l\u0131k B\u00f6l\u00fcm\u00fc \u00f6\u011fretim eleman\u0131 \u00d6\u011fr. G\u00f6r. Dr. Salih Malko\u00e7o\u011flu taraf\u0131ndan d\u00fczenlenen &#8220;Ormanc\u0131l\u0131k Su\u00e7lar\u0131n\u0131n D\u00fczenlenmesinin Esaslar\u0131&#8221; ba\u015fl\u0131kl\u0131 s\u00f6yle\u015fide, orman su\u00e7lar\u0131yla m\u00fccadelede akademik teorinin saha ger\u00e7ekleriyle bulu\u015fmas\u0131 ama\u00e7land\u0131. Seminerde, orman su\u00e7lar\u0131n\u0131n hukuki \u00e7er\u00e7evesi, su\u00e7 zapt\u0131 tanziminde dikkat edilmesi gereken teknik detaylar ve yarg\u0131 s\u00fcrecinde eksikliklerin \u00f6nlenmesi gibi kritik konular derinlemesine ele al\u0131nd\u0131. Etkinli\u011fe K\u00f6yce\u011fiz Orman \u0130\u015fletme M\u00fcd\u00fcrl\u00fc\u011f\u00fc b\u00fcnyesinde g\u00f6rev yapan orman muhafaza memurlar\u0131 Emirhan Ers\u00f6z, Hakan Y\u0131lmaz ve Yakup Aslan davetli konu\u015fmac\u0131 olarak kat\u0131larak, sahada bizzat deneyimledikleri vakalar \u00fczerinden su\u00e7\u00fcst\u00fc m\u00fcdahaleler, delil g\u00fcvenli\u011fi ve tutanaklar\u0131n hukuki sa\u011flaml\u0131\u011f\u0131 konular\u0131nda tecr\u00fcbelerini aktard\u0131. K\u00f6yce\u011fiz Meslek Y\u00fcksekokulu y\u00f6netimi taraf\u0131ndan yap\u0131lan a\u00e7\u0131klamada, &#8220;Bu vizyoner etkinli\u011fi koordine ederek mesleki dayan\u0131\u015fmaya \u00f6nc\u00fcl\u00fck eden \u00d6\u011fr. G\u00f6r. Dr. Salih Malko\u00e7o\u011flu\u2019na ve tecr\u00fcbelerini payla\u015farak ormanc\u0131l\u0131k hukukunun geli\u015fimine destek veren de\u011ferli personelimiz Emirhan Ers\u00f6z, Hakan Y\u0131lmaz ve Yakup Aslan ba\u015fta olmak \u00fczere t\u00fcm K\u00f6yce\u011fiz Orman \u0130\u015fletme M\u00fcd\u00fcrl\u00fc\u011f\u00fc personeline Y\u00fcksekokul y\u00f6netimi olarak te\u015fekk\u00fcrlerimizi sunar\u0131z&#8221; ifadeleri yer ald\u0131. Etkinlik sonunda Y\u00fcksekokul M\u00fcd\u00fcr\u00fc Do\u00e7. Dr. Hatice Ulusoy taraf\u0131ndan te\u015fekk\u00fcr belgeleri takdim edildi.<br \/><\/p>\n","protected":false},"excerpt":{"rendered":"<p>Mu\u011fla\u2019n\u0131n K\u00f6yce\u011fiz il\u00e7esinde Meslek Y\u00fcksekokulu Ormanc\u0131l\u0131k B\u00f6l\u00fcm\u00fc \u00f6\u011frencilerine y\u00f6nelik &#8220;Ormanc\u0131l\u0131k Su\u00e7lar\u0131n\u0131n D\u00fczenlenmesinin Esaslar\u0131&#8221; ba\u015fl\u0131kl\u0131 seminer d\u00fczenlendi. Y\u00fcksekokul Ormanc\u0131l\u0131k B\u00f6l\u00fcm\u00fc \u00f6\u011fretim eleman\u0131 \u00d6\u011fr. G\u00f6r. Dr. Salih Malko\u00e7o\u011flu taraf\u0131ndan d\u00fczenlenen &#8220;Ormanc\u0131l\u0131k Su\u00e7lar\u0131n\u0131n D\u00fczenlenmesinin Esaslar\u0131&#8221; ba\u015fl\u0131kl\u0131 s\u00f6yle\u015fide, orman su\u00e7lar\u0131yla m\u00fccadelede akademik teorinin saha ger\u00e7ekleriyle bulu\u015fmas\u0131 ama\u00e7land\u0131. Seminerde, orman su\u00e7lar\u0131n\u0131n hukuki \u00e7er\u00e7evesi, su\u00e7 zapt\u0131 tanziminde dikkat edilmesi gereken teknik&#8230;<\/p>\n","protected":false},"author":1,"featured_media":93268,"comment_status":"open","ping_status":"open","sticky":false,"template":"","format":"standard","meta":{"_crdt_document":"","footnotes":""},"categories":[1],"tags":[],"class_list":["post-93267","post","type-post","status-publish","format-standard","has-post-thumbnail","hentry","category-guncel"],"_links":{"self":[{"href":"https:\/\/www.egemtv.com\/index.php?rest_route=\/wp\/v2\/posts\/93267","targetHints":{"allow":["GET"]}}],"collection":[{"href":"https:\/\/www.egemtv.com\/index.php?rest_route=\/wp\/v2\/posts"}],"about":[{"href":"https:\/\/www.egemtv.com\/index.php?rest_route=\/wp\/v2\/types\/post"}],"author":[{"embeddable":true,"href":"https:\/\/www.egemtv.com\/index.php?rest_route=\/wp\/v2\/users\/1"}],"replies":[{"embeddable":true,"href":"https:\/\/www.egemtv.com\/index.php?rest_route=%2Fwp%2Fv2%2Fcomments&post=93267"}],"version-history":[{"count":1,"href":"https:\/\/www.egemtv.com\/index.php?rest_route=\/wp\/v2\/posts\/93267\/revisions"}],"predecessor-version":[{"id":93269,"href":"https:\/\/www.egemtv.com\/index.php?rest_route=\/wp\/v2\/posts\/93267\/revisions\/93269"}],"wp:featuredmedia":[{"embeddable":true,"href":"https:\/\/www.egemtv.com\/index.php?rest_route=\/wp\/v2\/media\/93268"}],"wp:attachment":[{"href":"https:\/\/www.egemtv.com\/index.php?rest_route=%2Fwp%2Fv2%2Fmedia&parent=93267"}],"wp:term":[{"taxonomy":"category","embeddable":true,"href":"https:\/\/www.egemtv.com\/index.php?rest_route=%2Fwp%2Fv2%2Fcategories&post=93267"},{"taxonomy":"post_tag","embeddable":true,"href":"https:\/\/www.egemtv.com\/index.php?rest_route=%2Fwp%2Fv2%2Ftags&post=93267"}],"curies":[{"name":"wp","href":"https:\/\/api.w.org\/{rel}","templated":true}]}}