{"id":93264,"date":"2026-03-10T16:14:45","date_gmt":"2026-03-10T13:14:45","guid":{"rendered":"https:\/\/www.egemtv.com\/?p=93264"},"modified":"2026-03-10T16:14:46","modified_gmt":"2026-03-10T13:14:46","slug":"merkezefendi-belediyesinin-gonul-sofrasi-akkonak-mahallesine-kurulacak","status":"publish","type":"post","link":"https:\/\/www.egemtv.com\/?p=93264","title":{"rendered":"Merkezefendi Belediyesinin g\u00f6n\u00fcl sofras\u0131 Akkonak Mahallesi\u2019ne kurulacak"},"content":{"rendered":"<p>Merkezefendi Belediyesi, Ramazan ay\u0131n\u0131n birlik ve beraberlik ruhunu mahalle iftarlar\u0131yla ya\u015fatmaya devam ediyor. 12 Mart Per\u015fembe g\u00fcn\u00fc Akkonak Mahallesi\u2019nde kurulacak g\u00f6n\u00fcl sofras\u0131na t\u00fcm vatanda\u015flar\u0131 davet eden Merkezefendi Belediye Ba\u015fkan\u0131 \u015eeniz Do\u011fan, &#8220;Ramazan\u2019\u0131n huzurunu ve payla\u015fman\u0131n g\u00fczelli\u011fini birlikte ya\u015fayaca\u011f\u0131m\u0131z iftar sofram\u0131za t\u00fcm hem\u015fehrilerimizi bekliyoruz&#8221; dedi.<br \/>\n<br \/>Ramazan ay\u0131nda farkl\u0131 mahallelerde iftar d\u00fczenleyen Merkezefendi Belediyesi, gelene\u011fine devam ediyor. Ramazan ay\u0131nda vatanda\u015flar\u0131 iftar sofralar\u0131nda bulu\u015fturan Merkezefendi Belediyesi taraf\u0131ndan ger\u00e7ekle\u015ftirilecek mahalle iftarlar\u0131 Akkonak Mahallesi Akkonak A\u00e7\u0131k Pazar Yeri\u2019nde yap\u0131lacak. \u0130ftar sofras\u0131, 12 Mart Per\u015fembe g\u00fcn\u00fc Akkonak Mahallesi Akkonak A\u00e7\u0131k Pazar Yeri\u2019ne (Akkonak Mahallesi Muhtarl\u0131\u011f\u0131 Yan\u0131) kurulacak.<br \/>\n<br \/>Ba\u015fkan Do\u011fan\u2019dan iftara davet<br \/>\n<br \/>Ayn\u0131 sofray\u0131 payla\u015fman\u0131n, dayan\u0131\u015fma duygusunu peki\u015ftirece\u011fini belirten Merkezefendi Belediye Ba\u015fkan\u0131 \u015eeniz Do\u011fan, &#8220;Mahalle iftarlar\u0131m\u0131z\u0131 Akkonak Mahallemizde kuraca\u011f\u0131z. Kuraca\u011f\u0131m\u0131z g\u00f6n\u00fcl sofralar\u0131nda hem\u015fehrilerimiz ile bir araya gelmenin mutlulu\u011funu ya\u015fayaca\u011f\u0131z. Birlik ve beraberli\u011fin \u00f6nemli oldu\u011fu bu d\u00f6nemde, ayn\u0131 sofray\u0131 ve duygular\u0131 payla\u015fmak Ramazan ay\u0131n\u0131 daha anlaml\u0131 hale getiriyor. Ramazan\u0131n huzurunu, payla\u015fman\u0131n g\u00fczelli\u011fini ya\u015fayaca\u011f\u0131m\u0131z iftar sofram\u0131za t\u00fcm hem\u015fehrilerimiz davetlidir&#8221; dedi.<br \/><\/p>\n","protected":false},"excerpt":{"rendered":"<p>Merkezefendi Belediyesi, Ramazan ay\u0131n\u0131n birlik ve beraberlik ruhunu mahalle iftarlar\u0131yla ya\u015fatmaya devam ediyor. 12 Mart Per\u015fembe g\u00fcn\u00fc Akkonak Mahallesi\u2019nde kurulacak g\u00f6n\u00fcl sofras\u0131na t\u00fcm vatanda\u015flar\u0131 davet eden Merkezefendi Belediye Ba\u015fkan\u0131 \u015eeniz Do\u011fan, &#8220;Ramazan\u2019\u0131n huzurunu ve payla\u015fman\u0131n g\u00fczelli\u011fini birlikte ya\u015fayaca\u011f\u0131m\u0131z iftar sofram\u0131za t\u00fcm hem\u015fehrilerimizi bekliyoruz&#8221; dedi. Ramazan ay\u0131nda farkl\u0131 mahallelerde iftar d\u00fczenleyen Merkezefendi Belediyesi, gelene\u011fine devam ediyor&#8230;.<\/p>\n","protected":false},"author":1,"featured_media":93265,"comment_status":"open","ping_status":"open","sticky":false,"template":"","format":"standard","meta":{"_crdt_document":"","footnotes":""},"categories":[1],"tags":[],"class_list":["post-93264","post","type-post","status-publish","format-standard","has-post-thumbnail","hentry","category-guncel"],"_links":{"self":[{"href":"https:\/\/www.egemtv.com\/index.php?rest_route=\/wp\/v2\/posts\/93264","targetHints":{"allow":["GET"]}}],"collection":[{"href":"https:\/\/www.egemtv.com\/index.php?rest_route=\/wp\/v2\/posts"}],"about":[{"href":"https:\/\/www.egemtv.com\/index.php?rest_route=\/wp\/v2\/types\/post"}],"author":[{"embeddable":true,"href":"https:\/\/www.egemtv.com\/index.php?rest_route=\/wp\/v2\/users\/1"}],"replies":[{"embeddable":true,"href":"https:\/\/www.egemtv.com\/index.php?rest_route=%2Fwp%2Fv2%2Fcomments&post=93264"}],"version-history":[{"count":1,"href":"https:\/\/www.egemtv.com\/index.php?rest_route=\/wp\/v2\/posts\/93264\/revisions"}],"predecessor-version":[{"id":93266,"href":"https:\/\/www.egemtv.com\/index.php?rest_route=\/wp\/v2\/posts\/93264\/revisions\/93266"}],"wp:featuredmedia":[{"embeddable":true,"href":"https:\/\/www.egemtv.com\/index.php?rest_route=\/wp\/v2\/media\/93265"}],"wp:attachment":[{"href":"https:\/\/www.egemtv.com\/index.php?rest_route=%2Fwp%2Fv2%2Fmedia&parent=93264"}],"wp:term":[{"taxonomy":"category","embeddable":true,"href":"https:\/\/www.egemtv.com\/index.php?rest_route=%2Fwp%2Fv2%2Fcategories&post=93264"},{"taxonomy":"post_tag","embeddable":true,"href":"https:\/\/www.egemtv.com\/index.php?rest_route=%2Fwp%2Fv2%2Ftags&post=93264"}],"curies":[{"name":"wp","href":"https:\/\/api.w.org\/{rel}","templated":true}]}}