{"id":93261,"date":"2026-03-10T16:14:44","date_gmt":"2026-03-10T13:14:44","guid":{"rendered":"https:\/\/www.egemtv.com\/?p=93261"},"modified":"2026-03-10T16:14:45","modified_gmt":"2026-03-10T13:14:45","slug":"adunun-13-projesi-destek-almaya-hak-kazandi","status":"publish","type":"post","link":"https:\/\/www.egemtv.com\/?p=93261","title":{"rendered":"AD\u00dc\u2019n\u00fcn 13 projesi destek almaya hak kazand\u0131"},"content":{"rendered":"<p>Ayd\u0131n Adnan Menderes \u00dcniversitesi (AD\u00dc) \u00f6\u011frenci topluluklar\u0131 taraf\u0131ndan haz\u0131rlanan 13 proje, Gen\u00e7lik ve Spor Bakanl\u0131\u011f\u0131\u2019n\u0131n \u00dcniversite \u00d6\u011frenci Topluluklar\u0131 \u0130\u015f Birli\u011fi ve Destek Program\u0131 (\u00dcN\u0130DES) kapsam\u0131nda destek almaya hak kazand\u0131.<br \/>\n<br \/>Ayd\u0131n Adnan Menderes \u00dcniversitesi (AD\u00dc) \u00f6\u011frenci topluluklar\u0131, geli\u015ftirdikleri projelerle \u00f6nemli bir ba\u015far\u0131 elde etti. \u00dcniversite \u00f6\u011frencileri taraf\u0131ndan haz\u0131rlanan 13 proje, Gen\u00e7lik ve Spor Bakanl\u0131\u011f\u0131 Gen\u00e7lik Hizmetleri Genel M\u00fcd\u00fcrl\u00fc\u011f\u00fc taraf\u0131ndan y\u00fcr\u00fct\u00fclen \u00dcniversite \u00d6\u011frenci Topluluklar\u0131 \u0130\u015f Birli\u011fi ve Destek Program\u0131\u2019n\u0131n (\u00dcN\u0130DES) 6\u2019nc\u0131 d\u00f6nemi kapsam\u0131nda destek almaya hak kazand\u0131. Program kapsam\u0131nda desteklenmeye de\u011fer bulunan projelerin 5\u2019inin yerel, 8\u2019inin ise ulusal nitelikte oldu\u011fu belirtildi. \u00d6\u011frenci topluluklar\u0131n\u0131n haz\u0131rlad\u0131\u011f\u0131 projelerin toplam b\u00fct\u00e7esinin ise 1 milyon 375 bin TL oldu\u011fu a\u00e7\u0131kland\u0131. Projeler aras\u0131nda y\u00fcksek\u00f6\u011fretimde kalite \u00e7al\u0131\u015fmalar\u0131na odaklanan ulusal zirve organizasyonlar\u0131ndan, \u00e7ocuklara y\u00f6nelik sosyal etkinliklere, dijital d\u00f6n\u00fc\u015f\u00fcm, s\u00fcrd\u00fcr\u00fclebilirlik ve teknoloji odakl\u0131 bulu\u015fmalardan gen\u00e7lerin akademik ve sosyal geli\u015fimine katk\u0131 sa\u011flayacak at\u00f6lye ve programlara kadar bir\u00e7ok farkl\u0131 ba\u015fl\u0131k yer al\u0131yor. Ayr\u0131ca gen\u00e7lerin demokrasi, inovasyon, k\u00fclt\u00fcr ve sanat gibi alanlarda fark\u0131ndal\u0131k kazanmas\u0131n\u0131 hedefleyen projelerin de destek kapsam\u0131na al\u0131nd\u0131\u011f\u0131 bildirildi. AD\u00dc Rekt\u00f6r\u00fc Prof. Dr. B\u00fclent Kent, \u00fcniversite \u00f6\u011frencilerinin bilimsel, k\u00fclt\u00fcrel ve sosyal alanlarda geli\u015ftirdikleri projelerle \u00f6nemli ba\u015far\u0131lara imza att\u0131\u011f\u0131n\u0131 belirterek, \u00fcniversite olarak hem bilimsel ara\u015ft\u0131rmalar\u0131 hem de sosyal ve k\u00fclt\u00fcrel proje \u00e7al\u0131\u015fmalar\u0131n\u0131 desteklemeye b\u00fcy\u00fck \u00f6nem verdiklerini ifade etti.<br \/>\n<br \/>\u00d6\u011frenci topluluklar\u0131n\u0131n proje \u00fcretme s\u00fcre\u00e7lerine aktif kat\u0131l\u0131m\u0131n\u0131n \u00fcniversitenin ara\u015ft\u0131rma kapasitesini g\u00fc\u00e7lendirdi\u011fini ve toplumsal katk\u0131 misyonuna \u00f6nemli katk\u0131lar sundu\u011funu vurgulayan Rekt\u00f6r Kent, \u00dcN\u0130DES kapsam\u0131nda destek almaya hak kazanan \u00f6\u011frenci topluluklar\u0131n\u0131 tebrik ederek projelerin haz\u0131rlanmas\u0131nda eme\u011fi ge\u00e7en akademik dan\u0131\u015fmanlara ve \u00f6\u011frencilere te\u015fekk\u00fcr etti.<br \/><\/p>\n","protected":false},"excerpt":{"rendered":"<p>Ayd\u0131n Adnan Menderes \u00dcniversitesi (AD\u00dc) \u00f6\u011frenci topluluklar\u0131 taraf\u0131ndan haz\u0131rlanan 13 proje, Gen\u00e7lik ve Spor Bakanl\u0131\u011f\u0131\u2019n\u0131n \u00dcniversite \u00d6\u011frenci Topluluklar\u0131 \u0130\u015f Birli\u011fi ve Destek Program\u0131 (\u00dcN\u0130DES) kapsam\u0131nda destek almaya hak kazand\u0131. Ayd\u0131n Adnan Menderes \u00dcniversitesi (AD\u00dc) \u00f6\u011frenci topluluklar\u0131, geli\u015ftirdikleri projelerle \u00f6nemli bir ba\u015far\u0131 elde etti. \u00dcniversite \u00f6\u011frencileri taraf\u0131ndan haz\u0131rlanan 13 proje, Gen\u00e7lik ve Spor Bakanl\u0131\u011f\u0131 Gen\u00e7lik Hizmetleri&#8230;<\/p>\n","protected":false},"author":1,"featured_media":93262,"comment_status":"open","ping_status":"open","sticky":false,"template":"","format":"standard","meta":{"_crdt_document":"","footnotes":""},"categories":[1],"tags":[],"class_list":["post-93261","post","type-post","status-publish","format-standard","has-post-thumbnail","hentry","category-guncel"],"_links":{"self":[{"href":"https:\/\/www.egemtv.com\/index.php?rest_route=\/wp\/v2\/posts\/93261","targetHints":{"allow":["GET"]}}],"collection":[{"href":"https:\/\/www.egemtv.com\/index.php?rest_route=\/wp\/v2\/posts"}],"about":[{"href":"https:\/\/www.egemtv.com\/index.php?rest_route=\/wp\/v2\/types\/post"}],"author":[{"embeddable":true,"href":"https:\/\/www.egemtv.com\/index.php?rest_route=\/wp\/v2\/users\/1"}],"replies":[{"embeddable":true,"href":"https:\/\/www.egemtv.com\/index.php?rest_route=%2Fwp%2Fv2%2Fcomments&post=93261"}],"version-history":[{"count":1,"href":"https:\/\/www.egemtv.com\/index.php?rest_route=\/wp\/v2\/posts\/93261\/revisions"}],"predecessor-version":[{"id":93263,"href":"https:\/\/www.egemtv.com\/index.php?rest_route=\/wp\/v2\/posts\/93261\/revisions\/93263"}],"wp:featuredmedia":[{"embeddable":true,"href":"https:\/\/www.egemtv.com\/index.php?rest_route=\/wp\/v2\/media\/93262"}],"wp:attachment":[{"href":"https:\/\/www.egemtv.com\/index.php?rest_route=%2Fwp%2Fv2%2Fmedia&parent=93261"}],"wp:term":[{"taxonomy":"category","embeddable":true,"href":"https:\/\/www.egemtv.com\/index.php?rest_route=%2Fwp%2Fv2%2Fcategories&post=93261"},{"taxonomy":"post_tag","embeddable":true,"href":"https:\/\/www.egemtv.com\/index.php?rest_route=%2Fwp%2Fv2%2Ftags&post=93261"}],"curies":[{"name":"wp","href":"https:\/\/api.w.org\/{rel}","templated":true}]}}