{"id":93258,"date":"2026-03-10T15:55:09","date_gmt":"2026-03-10T12:55:09","guid":{"rendered":"https:\/\/www.egemtv.com\/?p=93258"},"modified":"2026-03-10T15:55:10","modified_gmt":"2026-03-10T12:55:10","slug":"plaj-futbolu-milli-takimi-kamp-icin-kusadasinda","status":"publish","type":"post","link":"https:\/\/www.egemtv.com\/?p=93258","title":{"rendered":"Plaj Futbolu Milli Tak\u0131m\u0131 kamp i\u00e7in Ku\u015fadas\u0131\u2019nda"},"content":{"rendered":"<p>Avrupa A Ligi ma\u00e7lar\u0131na haz\u0131rlanan Plaj Futbolu Milli Tak\u0131m\u0131, Ayd\u0131n\u2019\u0131n Ku\u015fadas\u0131 il\u00e7esinde kampa girdi. Milli tak\u0131m, 14 Mart\u2019a kadar Ku\u015fadas\u0131\u2019nda \u00e7al\u0131\u015fmalar\u0131n\u0131 s\u00fcrd\u00fcrecek.<br \/>\n<br \/>Avrupa A Ligi ma\u00e7lar\u0131nda m\u00fccadele edecek olan Plaj Futbolu Milli Tak\u0131m\u0131 i\u00e7in belirlenen aday kadronun Ku\u015fadas\u0131\u2019ndaki kamp\u0131 ba\u015flad\u0131. Ay-y\u0131ld\u0131zl\u0131 ekibin Ku\u015fadas\u0131\u2019na gelen 16 ki\u015filik kadrosunda, a\u011f\u0131rl\u0131kl\u0131 olarak 20 ya\u015f alt\u0131 oyuncular yer ald\u0131. Sporcular\u0131n, T\u00fcrkiye Futbol Federasyonu Plaj Futbol Ligi etaplar\u0131 ve S\u00fcper Finalleri\u2019nin yan\u0131 s\u0131ra Geli\u015fim Ligleri, B\u00f6lgesel Amat\u00f6r Lig, Amat\u00f6r Ligler ve Profesyonel Ligler\u2019de ba\u015far\u0131l\u0131 bir performans sergileyen gen\u00e7 oyunculardan se\u00e7ildi\u011fi belirtildi. Kampta teknik heyetin olumlu rapor verece\u011fi futbolcular, nisan ay\u0131nda yap\u0131lacak ikinci kampa davet edilecek.<\/p>\n<p>Serkan Banazl\u0131: &#8220;Aram\u0131zda gelecek vaat eden arkada\u015flar\u0131m\u0131z var&#8221;<br \/>\n<br \/>Ku\u015fadas\u0131 kamp\u0131n\u0131n \u00e7ok faydal\u0131 ge\u00e7ece\u011fine inand\u0131klar\u0131n\u0131 belirten Plaj Futbolu Milli Tak\u0131m\u0131 kaptan\u0131 ve kalecisi Serkan Banazl\u0131, &#8220;Aram\u0131zda gen\u00e7 ve gelecek vaat eden gen\u00e7 arkada\u015flar\u0131m\u0131z var. Bu kampta amac\u0131m\u0131z gen\u00e7 oyuncular\u0131 Milli Tak\u0131ma kazand\u0131rmak olacak. \u0130spanya\u2019da oynanacak Avrupa A Ligi ma\u00e7lar\u0131 \u00f6ncesi nisan ay\u0131nda bir kamp\u0131m\u0131z daha olacak. \u0130spanya\u2019da da elimizden geldi\u011fince iyi m\u00fccadele edip, ba\u015far\u0131l\u0131 sonu\u00e7lar almak istiyoruz&#8221; dedi.<\/p>\n<p>Ozan Y\u0131lmaz: &#8220;Ku\u015fadas\u0131 Belediyesi\u2019ne \u00e7ok te\u015fekk\u00fcr ederiz&#8221;<br \/>\n<br \/>Plaj Futbolu Milli Tak\u0131m\u0131 Teknik Direkt\u00f6r\u00fc Ozan Y\u0131lmaz ise, &#8220;\u0130lk defa Ku\u015fadas\u0131\u2019n\u0131 tercih ettik. Bu mevsimde Ku\u015fadas\u0131\u2019n\u0131n iklimi ve plaj kumunun s\u0131cakl\u0131\u011f\u0131 \u00e7al\u0131\u015fmaya \u00e7ok uygun. Ku\u015fadas\u0131 Belediyesi de antrenmanlar\u0131m\u0131z\u0131 yapmam\u0131z i\u00e7in buradaki plaj\u0131 bizim i\u00e7in haz\u0131rlad\u0131. Ku\u015fadas\u0131 Belediyesi\u2019ne ve Ba\u015fkan\u0131 \u00d6mer G\u00fcnel\u2019e \u00e7ok te\u015fekk\u00fcr ederiz. Plaj Futbolu Milli Tak\u0131m\u0131 yeniden yap\u0131lanma s\u00fcrecine girdi. Bu anlamda a\u011f\u0131rl\u0131kl\u0131 olarak gen\u00e7 oyunculardan kurulu bir ekibiz. Avrupa A Ligi\u2019nde \u00f6ncelikli hedefimiz yine ligde kalmak olacak&#8221; diye konu\u015ftu.<br \/><\/p>\n","protected":false},"excerpt":{"rendered":"<p>Avrupa A Ligi ma\u00e7lar\u0131na haz\u0131rlanan Plaj Futbolu Milli Tak\u0131m\u0131, Ayd\u0131n\u2019\u0131n Ku\u015fadas\u0131 il\u00e7esinde kampa girdi. Milli tak\u0131m, 14 Mart\u2019a kadar Ku\u015fadas\u0131\u2019nda \u00e7al\u0131\u015fmalar\u0131n\u0131 s\u00fcrd\u00fcrecek. Avrupa A Ligi ma\u00e7lar\u0131nda m\u00fccadele edecek olan Plaj Futbolu Milli Tak\u0131m\u0131 i\u00e7in belirlenen aday kadronun Ku\u015fadas\u0131\u2019ndaki kamp\u0131 ba\u015flad\u0131. Ay-y\u0131ld\u0131zl\u0131 ekibin Ku\u015fadas\u0131\u2019na gelen 16 ki\u015filik kadrosunda, a\u011f\u0131rl\u0131kl\u0131 olarak 20 ya\u015f alt\u0131 oyuncular yer ald\u0131&#8230;.<\/p>\n","protected":false},"author":1,"featured_media":93259,"comment_status":"open","ping_status":"open","sticky":false,"template":"","format":"standard","meta":{"_crdt_document":"","footnotes":""},"categories":[4],"tags":[],"class_list":["post-93258","post","type-post","status-publish","format-standard","has-post-thumbnail","hentry","category-spor"],"_links":{"self":[{"href":"https:\/\/www.egemtv.com\/index.php?rest_route=\/wp\/v2\/posts\/93258","targetHints":{"allow":["GET"]}}],"collection":[{"href":"https:\/\/www.egemtv.com\/index.php?rest_route=\/wp\/v2\/posts"}],"about":[{"href":"https:\/\/www.egemtv.com\/index.php?rest_route=\/wp\/v2\/types\/post"}],"author":[{"embeddable":true,"href":"https:\/\/www.egemtv.com\/index.php?rest_route=\/wp\/v2\/users\/1"}],"replies":[{"embeddable":true,"href":"https:\/\/www.egemtv.com\/index.php?rest_route=%2Fwp%2Fv2%2Fcomments&post=93258"}],"version-history":[{"count":1,"href":"https:\/\/www.egemtv.com\/index.php?rest_route=\/wp\/v2\/posts\/93258\/revisions"}],"predecessor-version":[{"id":93260,"href":"https:\/\/www.egemtv.com\/index.php?rest_route=\/wp\/v2\/posts\/93258\/revisions\/93260"}],"wp:featuredmedia":[{"embeddable":true,"href":"https:\/\/www.egemtv.com\/index.php?rest_route=\/wp\/v2\/media\/93259"}],"wp:attachment":[{"href":"https:\/\/www.egemtv.com\/index.php?rest_route=%2Fwp%2Fv2%2Fmedia&parent=93258"}],"wp:term":[{"taxonomy":"category","embeddable":true,"href":"https:\/\/www.egemtv.com\/index.php?rest_route=%2Fwp%2Fv2%2Fcategories&post=93258"},{"taxonomy":"post_tag","embeddable":true,"href":"https:\/\/www.egemtv.com\/index.php?rest_route=%2Fwp%2Fv2%2Ftags&post=93258"}],"curies":[{"name":"wp","href":"https:\/\/api.w.org\/{rel}","templated":true}]}}