{"id":93225,"date":"2026-03-10T13:35:05","date_gmt":"2026-03-10T10:35:05","guid":{"rendered":"https:\/\/www.egemtv.com\/?p=93225"},"modified":"2026-03-10T13:35:06","modified_gmt":"2026-03-10T10:35:06","slug":"hisarcik-muftulugunden-ihtiyac-sahiplerine-ramazan-yardimi","status":"publish","type":"post","link":"https:\/\/www.egemtv.com\/?p=93225","title":{"rendered":"Hisarc\u0131k M\u00fcft\u00fcl\u00fc\u011f\u00fc\u2019nden ihtiya\u00e7 sahiplerine Ramazan yard\u0131m\u0131"},"content":{"rendered":"<p>K\u00fctahya\u2019n\u0131n Hisarc\u0131k \u0130l\u00e7e M\u00fcft\u00fcl\u00fcg\u00fc taraf\u0131ndan ihtiya\u00e7 sahibi ailelere ula\u015ft\u0131r\u0131lmak \u00fczere zek\u00e2t, fitre, fidye, ba\u011f\u0131\u015f, Ramazan kolisi ve al\u0131\u015fveri\u015f kartlar\u0131n\u0131n da\u011f\u0131t\u0131m\u0131na devam ediliyor.<br \/>\n<br \/>Konuyla ilgili a\u00e7\u0131klama yapan \u0130l\u00e7e M\u00fcft\u00fcs\u00fc H\u00fcseyin Demirci, Ramazan ay\u0131n\u0131n payla\u015fma ve dayan\u0131\u015fma ruhuna dikkat \u00e7ekerek, &#8220;Ramazan ay\u0131n\u0131n payla\u015fma ve dayan\u0131\u015fma ruhunu ya\u015fatmak, iyili\u011fi g\u00f6n\u00fclden g\u00f6n\u00fcle ta\u015f\u0131mak amac\u0131yla, c\u00f6mert Hisarc\u0131k halk\u0131m\u0131z\u0131n ihtiya\u00e7 sahibi ailelere ula\u015ft\u0131r\u0131lmak \u00fczere M\u00fcft\u00fcl\u00fc\u011f\u00fcm\u00fcze emanet etti\u011fi zek\u00e2t, fitre, fidye, ba\u011f\u0131\u015f, Ramazan kolisi ve al\u0131\u015fveri\u015f kartlar\u0131 sahiplerine teslim edilmeye devam etmektedir. \u0130l\u00e7e M\u00fcft\u00fcl\u00fc\u011f\u00fc olarak hay\u0131rsever vatanda\u015flar\u0131m\u0131za katk\u0131lar\u0131ndan dolay\u0131 te\u015fekk\u00fcr ediyor, yap\u0131lan yard\u0131mlar\u0131n kabul olmas\u0131n\u0131 Y\u00fcce Rabbimizden niyaz ediyoruz&#8221; dedi.<br \/>\n<br \/>\u0130l\u00e7e M\u00fcft\u00fcl\u00fc\u011f\u00fc yetkilileri, Ramazan ay\u0131 boyunca yard\u0131mlar\u0131n ihtiya\u00e7 sahiplerine ula\u015ft\u0131r\u0131lmaya devam edece\u011fini belirtti.<br \/><\/p>\n","protected":false},"excerpt":{"rendered":"<p>K\u00fctahya\u2019n\u0131n Hisarc\u0131k \u0130l\u00e7e M\u00fcft\u00fcl\u00fcg\u00fc taraf\u0131ndan ihtiya\u00e7 sahibi ailelere ula\u015ft\u0131r\u0131lmak \u00fczere zek\u00e2t, fitre, fidye, ba\u011f\u0131\u015f, Ramazan kolisi ve al\u0131\u015fveri\u015f kartlar\u0131n\u0131n da\u011f\u0131t\u0131m\u0131na devam ediliyor. Konuyla ilgili a\u00e7\u0131klama yapan \u0130l\u00e7e M\u00fcft\u00fcs\u00fc H\u00fcseyin Demirci, Ramazan ay\u0131n\u0131n payla\u015fma ve dayan\u0131\u015fma ruhuna dikkat \u00e7ekerek, &#8220;Ramazan ay\u0131n\u0131n payla\u015fma ve dayan\u0131\u015fma ruhunu ya\u015fatmak, iyili\u011fi g\u00f6n\u00fclden g\u00f6n\u00fcle ta\u015f\u0131mak amac\u0131yla, c\u00f6mert Hisarc\u0131k halk\u0131m\u0131z\u0131n ihtiya\u00e7 sahibi&#8230;<\/p>\n","protected":false},"author":1,"featured_media":93226,"comment_status":"open","ping_status":"open","sticky":false,"template":"","format":"standard","meta":{"_crdt_document":"","footnotes":""},"categories":[123],"tags":[],"class_list":["post-93225","post","type-post","status-publish","format-standard","has-post-thumbnail","hentry","category-gundem"],"_links":{"self":[{"href":"https:\/\/www.egemtv.com\/index.php?rest_route=\/wp\/v2\/posts\/93225","targetHints":{"allow":["GET"]}}],"collection":[{"href":"https:\/\/www.egemtv.com\/index.php?rest_route=\/wp\/v2\/posts"}],"about":[{"href":"https:\/\/www.egemtv.com\/index.php?rest_route=\/wp\/v2\/types\/post"}],"author":[{"embeddable":true,"href":"https:\/\/www.egemtv.com\/index.php?rest_route=\/wp\/v2\/users\/1"}],"replies":[{"embeddable":true,"href":"https:\/\/www.egemtv.com\/index.php?rest_route=%2Fwp%2Fv2%2Fcomments&post=93225"}],"version-history":[{"count":1,"href":"https:\/\/www.egemtv.com\/index.php?rest_route=\/wp\/v2\/posts\/93225\/revisions"}],"predecessor-version":[{"id":93227,"href":"https:\/\/www.egemtv.com\/index.php?rest_route=\/wp\/v2\/posts\/93225\/revisions\/93227"}],"wp:featuredmedia":[{"embeddable":true,"href":"https:\/\/www.egemtv.com\/index.php?rest_route=\/wp\/v2\/media\/93226"}],"wp:attachment":[{"href":"https:\/\/www.egemtv.com\/index.php?rest_route=%2Fwp%2Fv2%2Fmedia&parent=93225"}],"wp:term":[{"taxonomy":"category","embeddable":true,"href":"https:\/\/www.egemtv.com\/index.php?rest_route=%2Fwp%2Fv2%2Fcategories&post=93225"},{"taxonomy":"post_tag","embeddable":true,"href":"https:\/\/www.egemtv.com\/index.php?rest_route=%2Fwp%2Fv2%2Ftags&post=93225"}],"curies":[{"name":"wp","href":"https:\/\/api.w.org\/{rel}","templated":true}]}}