{"id":93222,"date":"2026-03-10T13:35:04","date_gmt":"2026-03-10T10:35:04","guid":{"rendered":"https:\/\/www.egemtv.com\/?p=93222"},"modified":"2026-03-10T13:35:05","modified_gmt":"2026-03-10T10:35:05","slug":"emette-imamlara-ustun-basari-belgesi","status":"publish","type":"post","link":"https:\/\/www.egemtv.com\/?p=93222","title":{"rendered":"Emet\u2019te imamlara \u00dcst\u00fcn Ba\u015far\u0131 Belgesi"},"content":{"rendered":"<p>K\u00fctahya\u2019n\u0131n Emet il\u00e7esinde, Emet \u0130l\u00e7e M\u00fcft\u00fcl\u00fc\u011f\u00fc b\u00fcnyesinde g\u00f6rev yapan imam hatipler Hikmet \u0130lhan ve Kadir Turan, y\u00fcr\u00fctt\u00fckleri \u00f6zverili ve ba\u015far\u0131l\u0131 \u00e7al\u0131\u015fmalar dolay\u0131s\u0131yla \u00dcst\u00fcn Ba\u015far\u0131 Belgesi ile \u00f6d\u00fcllendirildi.<br \/>\n<br \/>\u0130mam Hatipler Hikmet \u0130lhan ve Kadir Turan\u2019a belgeleri, \u0130l\u00e7e M\u00fcft\u00fcs\u00fc \u0130smail \u00c7\u0131nar taraf\u0131ndan takdim edildi. M\u00fcft\u00fc \u00c7\u0131nar, g\u00f6revlerinde g\u00f6sterdikleri gayretli ve \u00f6zverili \u00e7al\u0131\u015fmalar nedeniyle hocalara te\u015fekk\u00fcr ederek ba\u015far\u0131lar\u0131n\u0131n devam\u0131n\u0131 diledi.<br \/><\/p>\n","protected":false},"excerpt":{"rendered":"<p>K\u00fctahya\u2019n\u0131n Emet il\u00e7esinde, Emet \u0130l\u00e7e M\u00fcft\u00fcl\u00fc\u011f\u00fc b\u00fcnyesinde g\u00f6rev yapan imam hatipler Hikmet \u0130lhan ve Kadir Turan, y\u00fcr\u00fctt\u00fckleri \u00f6zverili ve ba\u015far\u0131l\u0131 \u00e7al\u0131\u015fmalar dolay\u0131s\u0131yla \u00dcst\u00fcn Ba\u015far\u0131 Belgesi ile \u00f6d\u00fcllendirildi. \u0130mam Hatipler Hikmet \u0130lhan ve Kadir Turan\u2019a belgeleri, \u0130l\u00e7e M\u00fcft\u00fcs\u00fc \u0130smail \u00c7\u0131nar taraf\u0131ndan takdim edildi. M\u00fcft\u00fc \u00c7\u0131nar, g\u00f6revlerinde g\u00f6sterdikleri gayretli ve \u00f6zverili \u00e7al\u0131\u015fmalar nedeniyle hocalara te\u015fekk\u00fcr ederek ba\u015far\u0131lar\u0131n\u0131n&#8230;<\/p>\n","protected":false},"author":1,"featured_media":93223,"comment_status":"open","ping_status":"open","sticky":false,"template":"","format":"standard","meta":{"_crdt_document":"","footnotes":""},"categories":[123],"tags":[],"class_list":["post-93222","post","type-post","status-publish","format-standard","has-post-thumbnail","hentry","category-gundem"],"_links":{"self":[{"href":"https:\/\/www.egemtv.com\/index.php?rest_route=\/wp\/v2\/posts\/93222","targetHints":{"allow":["GET"]}}],"collection":[{"href":"https:\/\/www.egemtv.com\/index.php?rest_route=\/wp\/v2\/posts"}],"about":[{"href":"https:\/\/www.egemtv.com\/index.php?rest_route=\/wp\/v2\/types\/post"}],"author":[{"embeddable":true,"href":"https:\/\/www.egemtv.com\/index.php?rest_route=\/wp\/v2\/users\/1"}],"replies":[{"embeddable":true,"href":"https:\/\/www.egemtv.com\/index.php?rest_route=%2Fwp%2Fv2%2Fcomments&post=93222"}],"version-history":[{"count":1,"href":"https:\/\/www.egemtv.com\/index.php?rest_route=\/wp\/v2\/posts\/93222\/revisions"}],"predecessor-version":[{"id":93224,"href":"https:\/\/www.egemtv.com\/index.php?rest_route=\/wp\/v2\/posts\/93222\/revisions\/93224"}],"wp:featuredmedia":[{"embeddable":true,"href":"https:\/\/www.egemtv.com\/index.php?rest_route=\/wp\/v2\/media\/93223"}],"wp:attachment":[{"href":"https:\/\/www.egemtv.com\/index.php?rest_route=%2Fwp%2Fv2%2Fmedia&parent=93222"}],"wp:term":[{"taxonomy":"category","embeddable":true,"href":"https:\/\/www.egemtv.com\/index.php?rest_route=%2Fwp%2Fv2%2Fcategories&post=93222"},{"taxonomy":"post_tag","embeddable":true,"href":"https:\/\/www.egemtv.com\/index.php?rest_route=%2Fwp%2Fv2%2Ftags&post=93222"}],"curies":[{"name":"wp","href":"https:\/\/api.w.org\/{rel}","templated":true}]}}