{"id":93219,"date":"2026-03-10T13:35:02","date_gmt":"2026-03-10T10:35:02","guid":{"rendered":"https:\/\/www.egemtv.com\/?p=93219"},"modified":"2026-03-10T13:35:03","modified_gmt":"2026-03-10T10:35:03","slug":"merkezefendide-kardeslik-koprusu-kuruluyor","status":"publish","type":"post","link":"https:\/\/www.egemtv.com\/?p=93219","title":{"rendered":"Merkezefendi\u2019de karde\u015flik k\u00f6pr\u00fcs\u00fc kuruluyor"},"content":{"rendered":"<p>Denizli\u2019de &#8220;Karde\u015flerini Unutma, Beklenen Sensin&#8221; d\u00fcsturuyla hareket eden Merkezefendi M\u00fcft\u00fcl\u00fc\u011f\u00fc ile T\u00fcrkiye Diyanet Vakf\u0131 Merkezefendi \u015eubesi, her y\u0131l oldu\u011fu gibi bu y\u0131l da Ramazan ay\u0131nda ihtiya\u00e7 sahiplerine ula\u015ft\u0131r\u0131lmak \u00fczere haz\u0131rlanan bin adet g\u0131da yard\u0131m kolisini din g\u00f6revlilerine teslim etti.<\/p>\n<p>Denizli\u2019de &#8220;Karde\u015flerini Unutma, Beklenen Sensin&#8221; d\u00fcsturuyla hareket eden Merkezefendi M\u00fcft\u00fcl\u00fc\u011f\u00fc ile T\u00fcrkiye Diyanet Vakf\u0131 Merkezefendi \u015eubesi, her y\u0131l oldu\u011fu gibi bu y\u0131l da Ramazan ay\u0131nda ihtiya\u00e7 sahiplerine unutmad\u0131. Ramazan ay\u0131nda ihtiya\u00e7 sahiplerine ula\u015ft\u0131r\u0131lmak \u00fczere haz\u0131rlanan bin adet g\u0131da yard\u0131m kolisini din g\u00f6revlilerine teslim edildi.<\/p>\n<p>Merkezefendi M\u00fcft\u00fcl\u00fc\u011f\u00fc\u2019ne ba\u011fl\u0131 Meska Evleri Camii\u2019nde d\u00fczenlenen t\u00f6rene, Denizli \u0130l M\u00fcft\u00fcs\u00fc Abdullah Pamuklu, Merkezefendi \u0130l\u00e7e M\u00fcft\u00fcs\u00fc Dr. Osman G\u00fcne\u015f ve \u00e7ok say\u0131da din g\u00f6revlisi kat\u0131ld\u0131.<\/p>\n<p>&#8220;Hay\u0131rsever vatanda\u015flar\u0131m\u0131z\u0131n emanetlerini sizlerin vas\u0131tas\u0131yla ger\u00e7ek ihtiya\u00e7 sahiplerine ula\u015ft\u0131r\u0131yoruz&#8221;<br \/>\n<br \/>T\u00f6rende konu\u015fan Denizli \u0130l M\u00fcft\u00fcs\u00fc Abdullah Pamuklu, &#8220;Bu y\u0131l \u2018Beklenen Sensin, Karde\u015flerini Unutma\u2019 \u015fiar\u0131yla yola \u00e7\u0131karak iyilik paketi faaliyetimizin \u00fc\u00e7\u00fcnc\u00fcs\u00fcn\u00fc ger\u00e7ekle\u015ftiriyoruz. Peygamber Efendimiz\u2019in \u2018Kom\u015fusu a\u00e7ken tok yatan bizden de\u011fildir\u2019 hadis-i \u015ferifi gere\u011fince, hay\u0131rsever vatanda\u015flar\u0131m\u0131z\u0131n emanetlerini sizlerin vas\u0131tas\u0131yla ger\u00e7ek ihtiya\u00e7 sahiplerine ula\u015ft\u0131r\u0131yoruz. Bu iyilik paketlerinin haz\u0131rlanmas\u0131ndan da\u011f\u0131t\u0131m a\u015famas\u0131na kadar eme\u011fi ge\u00e7en t\u00fcm g\u00f6revlilerimize, il\u00e7e m\u00fcft\u00fcm\u00fcze ve \u00f6zellikle hay\u0131rsever vatanda\u015flar\u0131m\u0131za te\u015fekk\u00fcr ediyorum&#8221; ifadelerini kulland\u0131.<\/p>\n<p>&#8220;\u0130htiya\u00e7 sahibi ailelere ula\u015ft\u0131r\u0131lmak \u00fczere bin adet g\u0131da kolisinin da\u011f\u0131t\u0131m\u0131na ba\u015fl\u0131yoruz&#8221;<br \/>\n<br \/>Merkezefendi \u0130l\u00e7e M\u00fcft\u00fcs\u00fc Dr. Osman G\u00fcne\u015f ise konu\u015fmas\u0131nda, &#8220;Her y\u0131l Ramazan ay\u0131nda ihtiya\u00e7 sahiplerine ula\u015ft\u0131r\u0131lmak \u00fczere, din g\u00f6revlilerimiz arac\u0131l\u0131\u011f\u0131yla hay\u0131rseverlerden toplanan ba\u011f\u0131\u015flarla g\u0131da yard\u0131m kolileri haz\u0131rl\u0131yoruz. Bu y\u0131l da bu kapsamda ihtiya\u00e7 sahibi ailelere ula\u015ft\u0131r\u0131lmak \u00fczere bin adet g\u0131da kolisinin da\u011f\u0131t\u0131m\u0131na ba\u015fl\u0131yoruz. Bu hay\u0131r faaliyetine destek veren ve eme\u011fi ge\u00e7en t\u00fcm hay\u0131rseverlerimize ve din g\u00f6revlilerimize te\u015fekk\u00fcr ediyorum&#8221; dedi.<\/p>\n<p>T\u00f6ren, Denizli \u0130l M\u00fcft\u00fcs\u00fc Abdullah Pamuklu\u2019nun yapt\u0131\u011f\u0131 dua ile sona erdi. Haz\u0131rlanan yard\u0131m kolileri, din g\u00f6revlileri arac\u0131l\u0131\u011f\u0131yla il\u00e7e genelindeki ihtiya\u00e7 sahibi ailelere ula\u015ft\u0131r\u0131lmak \u00fczere teslim edildi.<br \/><\/p>\n","protected":false},"excerpt":{"rendered":"<p>Denizli\u2019de &#8220;Karde\u015flerini Unutma, Beklenen Sensin&#8221; d\u00fcsturuyla hareket eden Merkezefendi M\u00fcft\u00fcl\u00fc\u011f\u00fc ile T\u00fcrkiye Diyanet Vakf\u0131 Merkezefendi \u015eubesi, her y\u0131l oldu\u011fu gibi bu y\u0131l da Ramazan ay\u0131nda ihtiya\u00e7 sahiplerine ula\u015ft\u0131r\u0131lmak \u00fczere haz\u0131rlanan bin adet g\u0131da yard\u0131m kolisini din g\u00f6revlilerine teslim etti. Denizli\u2019de &#8220;Karde\u015flerini Unutma, Beklenen Sensin&#8221; d\u00fcsturuyla hareket eden Merkezefendi M\u00fcft\u00fcl\u00fc\u011f\u00fc ile T\u00fcrkiye Diyanet Vakf\u0131 Merkezefendi \u015eubesi,&#8230;<\/p>\n","protected":false},"author":1,"featured_media":93220,"comment_status":"open","ping_status":"open","sticky":false,"template":"","format":"standard","meta":{"_crdt_document":"","footnotes":""},"categories":[123],"tags":[],"class_list":["post-93219","post","type-post","status-publish","format-standard","has-post-thumbnail","hentry","category-gundem"],"_links":{"self":[{"href":"https:\/\/www.egemtv.com\/index.php?rest_route=\/wp\/v2\/posts\/93219","targetHints":{"allow":["GET"]}}],"collection":[{"href":"https:\/\/www.egemtv.com\/index.php?rest_route=\/wp\/v2\/posts"}],"about":[{"href":"https:\/\/www.egemtv.com\/index.php?rest_route=\/wp\/v2\/types\/post"}],"author":[{"embeddable":true,"href":"https:\/\/www.egemtv.com\/index.php?rest_route=\/wp\/v2\/users\/1"}],"replies":[{"embeddable":true,"href":"https:\/\/www.egemtv.com\/index.php?rest_route=%2Fwp%2Fv2%2Fcomments&post=93219"}],"version-history":[{"count":1,"href":"https:\/\/www.egemtv.com\/index.php?rest_route=\/wp\/v2\/posts\/93219\/revisions"}],"predecessor-version":[{"id":93221,"href":"https:\/\/www.egemtv.com\/index.php?rest_route=\/wp\/v2\/posts\/93219\/revisions\/93221"}],"wp:featuredmedia":[{"embeddable":true,"href":"https:\/\/www.egemtv.com\/index.php?rest_route=\/wp\/v2\/media\/93220"}],"wp:attachment":[{"href":"https:\/\/www.egemtv.com\/index.php?rest_route=%2Fwp%2Fv2%2Fmedia&parent=93219"}],"wp:term":[{"taxonomy":"category","embeddable":true,"href":"https:\/\/www.egemtv.com\/index.php?rest_route=%2Fwp%2Fv2%2Fcategories&post=93219"},{"taxonomy":"post_tag","embeddable":true,"href":"https:\/\/www.egemtv.com\/index.php?rest_route=%2Fwp%2Fv2%2Ftags&post=93219"}],"curies":[{"name":"wp","href":"https:\/\/api.w.org\/{rel}","templated":true}]}}