{"id":93216,"date":"2026-03-10T13:35:01","date_gmt":"2026-03-10T10:35:01","guid":{"rendered":"https:\/\/www.egemtv.com\/?p=93216"},"modified":"2026-03-10T13:35:02","modified_gmt":"2026-03-10T10:35:02","slug":"teravih-sonrasi-cami-avlusunda-cocuk-senligi-duzenlendi","status":"publish","type":"post","link":"https:\/\/www.egemtv.com\/?p=93216","title":{"rendered":"Teravih sonras\u0131 cami avlusunda \u00e7ocuk \u015fenli\u011fi d\u00fczenlendi"},"content":{"rendered":"<p>Denizli\u2019de teravih namaz\u0131n\u0131n ard\u0131ndan \u00e7ocuklara y\u00f6nelik renkli bir \u015fenlik program\u0131 d\u00fczenlendi. Cami avlusunda ger\u00e7ekle\u015ftirilen etkinlikte y\u00fcz boyama, oyunlar ve \u00e7e\u015fitli ikramlarla \u00e7ocuklar doyas\u0131ya e\u011flendi. Programa kat\u0131lan Denizli \u0130l M\u00fcft\u00fcs\u00fc Abdullah Pamuklu, Ramazan\u2019\u0131n manevi atmosferinin \u00e7ocuklar\u0131n kalplerinde g\u00fczel hat\u0131ralarla yer etmesinin \u00f6nemine dikkat \u00e7ekti.<\/p>\n<p>Denizli\u2019de Ramazan ay\u0131n\u0131n manevi atmosferi, \u00e7ocuklar\u0131n ne\u015fesiyle daha da anlam kazand\u0131. Denizli M\u00fcft\u00fcl\u00fc\u011f\u00fc koordinesinde; M\u00fcft\u00fc Ahmet Hulusi Efendi Camii Gen\u00e7lik Merkezi, \u0130lahinet Toplulu\u011fu ve Ge\u00e7erken Toplulu\u011fu i\u015f birli\u011fiyle teravih namaz\u0131n\u0131n ard\u0131ndan \u00e7ocuklara y\u00f6nelik renkli bir \u015fenlik program\u0131 d\u00fczenlendi. Cami avlusunda ve gen\u00e7lik merkezi \u00e7evresinde ger\u00e7ekle\u015ftirilen etkinlik, hem \u00e7ocuklar\u0131n hem de ailelerin yo\u011fun kat\u0131l\u0131m\u0131yla adeta bir Ramazan bulu\u015fmas\u0131na d\u00f6n\u00fc\u015ft\u00fc.<\/p>\n<p>Teravih namaz\u0131n\u0131n akabinde d\u00fczenlenen programda \u00e7ocuklar i\u00e7in birbirinden e\u011flenceli aktiviteler haz\u0131rland\u0131. Etkinlik kapsam\u0131nda y\u00fcz boyama etkinlikleriyle \u00e7ocuklar\u0131n y\u00fczleri reng\u00e2renk desenlerle s\u00fcslenirken, kurulan oyun alanlar\u0131nda minikler g\u00f6n\u00fcllerince e\u011flenme f\u0131rsat\u0131 buldu. \u00c7e\u015fitli \u00f6d\u00fcll\u00fc oyunlar ve etkinliklerle keyifli vakit ge\u00e7iren \u00e7ocuklar\u0131n kahkahalar\u0131 cami avlusunu doldururken, program boyunca g\u00f6rev alan g\u00f6n\u00fcll\u00fcler de \u00e7ocuklarla yak\u0131ndan ilgilenerek etkinli\u011fin co\u015fkusunu art\u0131rd\u0131. \u015eenli\u011fin en dikkat \u00e7eken b\u00f6l\u00fcmlerinden biri de \u00e7ocuklara yap\u0131lan ikramlar oldu. Pamuk \u015fekeri, patlam\u0131\u015f m\u0131s\u0131r ve \u00e7e\u015fitli i\u00e7eceklerin da\u011f\u0131t\u0131ld\u0131\u011f\u0131 etkinlikte minikler hem oyun oynad\u0131 hem de ikramlar\u0131n tad\u0131n\u0131 \u00e7\u0131kard\u0131. Renkli g\u00f6r\u00fcnt\u00fclere sahne olan gecede \u00e7ocuklar\u0131n y\u00fczlerindeki mutluluk, Ramazan ay\u0131n\u0131n payla\u015fma ve dayan\u0131\u015fma ruhunu bir kez daha g\u00f6zler \u00f6n\u00fcne sermi\u015f oldu.<\/p>\n<p>Programa kat\u0131lan Denizli \u0130l M\u00fcft\u00fcs\u00fc Abdullah Pamuklu da \u00e7ocuklara ve velilere hitap ederek Ramazan ay\u0131n\u0131n manevi ikliminin \u00e7ocuklar\u0131n kalplerinde g\u00fczel hat\u0131ralarla yer etmesinin \u00f6nemine dikkat \u00e7ekti. Pamuklu konu\u015fmas\u0131nda, Ramazan\u2019\u0131n yaln\u0131zca oru\u00e7 ibadetinin yerine getirildi\u011fi bir ay olmad\u0131\u011f\u0131n\u0131, ayn\u0131 zamanda payla\u015fman\u0131n, dayan\u0131\u015fman\u0131n ve manevi de\u011ferlerin \u00e7ocuklara en g\u00fczel \u015fekilde aktar\u0131lmas\u0131 gereken \u00f6zel bir zaman dilimi oldu\u011funu ifade etti.<\/p>\n<p>Bu t\u00fcr etkinlikler sayesinde \u00e7ocuklar\u0131n camiye sadece ibadet mekan\u0131 olarak de\u011fil ayn\u0131 zamanda sevgi ve karde\u015fli\u011fin ya\u015fand\u0131\u011f\u0131 bir bulu\u015fma noktas\u0131 olarak hat\u0131rlayacaklar\u0131n\u0131 belirten \u0130l M\u00fcft\u00fcs\u00fc Pamuklu, &#8220;\u00c7ocuklar\u0131m\u0131z\u0131n camilerimizle, ibadetle ve Ramazan\u2019\u0131n bereketiyle k\u00fc\u00e7\u00fck ya\u015flarda tan\u0131\u015fmas\u0131 son derece k\u0131ymetlidir. Onlar\u0131n g\u00f6nl\u00fcnde cami sevgisinin yerle\u015fmesi, dini ve manevi de\u011ferlerimizin gelecek nesillere sa\u011fl\u0131kl\u0131 bir \u015fekilde aktar\u0131lmas\u0131na vesile olur. Bu t\u00fcr etkinlikler sayesinde \u00e7ocuklar\u0131m\u0131z camiyi sadece bir ibadet mek\u00e2n\u0131 olarak de\u011fil, ayn\u0131 zamanda sevgi, karde\u015flik ve payla\u015fman\u0131n ya\u015fand\u0131\u011f\u0131 bir bulu\u015fma noktas\u0131 olarak hat\u0131rlayacakt\u0131r. Bug\u00fcn burada g\u00f6rd\u00fc\u011f\u00fcm\u00fcz ne\u015fe ve mutluluk, asl\u0131nda Ramazan\u2019\u0131n ruhunu en g\u00fczel \u015fekilde yans\u0131tmaktad\u0131r&#8221; ifadelerini kulland\u0131.<\/p>\n<p>Teravih namaz\u0131n\u0131n ard\u0131ndan d\u00fczenlenen bu anlaml\u0131 \u015fenlik, ger\u00e7ekle\u015ftirilen \u00e7e\u015fitli etkinliklerin akabinde sona erdi.<br \/><\/p>\n","protected":false},"excerpt":{"rendered":"<p>Denizli\u2019de teravih namaz\u0131n\u0131n ard\u0131ndan \u00e7ocuklara y\u00f6nelik renkli bir \u015fenlik program\u0131 d\u00fczenlendi. Cami avlusunda ger\u00e7ekle\u015ftirilen etkinlikte y\u00fcz boyama, oyunlar ve \u00e7e\u015fitli ikramlarla \u00e7ocuklar doyas\u0131ya e\u011flendi. Programa kat\u0131lan Denizli \u0130l M\u00fcft\u00fcs\u00fc Abdullah Pamuklu, Ramazan\u2019\u0131n manevi atmosferinin \u00e7ocuklar\u0131n kalplerinde g\u00fczel hat\u0131ralarla yer etmesinin \u00f6nemine dikkat \u00e7ekti. Denizli\u2019de Ramazan ay\u0131n\u0131n manevi atmosferi, \u00e7ocuklar\u0131n ne\u015fesiyle daha da anlam kazand\u0131. Denizli&#8230;<\/p>\n","protected":false},"author":1,"featured_media":93217,"comment_status":"open","ping_status":"open","sticky":false,"template":"","format":"standard","meta":{"_crdt_document":"","footnotes":""},"categories":[123],"tags":[],"class_list":["post-93216","post","type-post","status-publish","format-standard","has-post-thumbnail","hentry","category-gundem"],"_links":{"self":[{"href":"https:\/\/www.egemtv.com\/index.php?rest_route=\/wp\/v2\/posts\/93216","targetHints":{"allow":["GET"]}}],"collection":[{"href":"https:\/\/www.egemtv.com\/index.php?rest_route=\/wp\/v2\/posts"}],"about":[{"href":"https:\/\/www.egemtv.com\/index.php?rest_route=\/wp\/v2\/types\/post"}],"author":[{"embeddable":true,"href":"https:\/\/www.egemtv.com\/index.php?rest_route=\/wp\/v2\/users\/1"}],"replies":[{"embeddable":true,"href":"https:\/\/www.egemtv.com\/index.php?rest_route=%2Fwp%2Fv2%2Fcomments&post=93216"}],"version-history":[{"count":1,"href":"https:\/\/www.egemtv.com\/index.php?rest_route=\/wp\/v2\/posts\/93216\/revisions"}],"predecessor-version":[{"id":93218,"href":"https:\/\/www.egemtv.com\/index.php?rest_route=\/wp\/v2\/posts\/93216\/revisions\/93218"}],"wp:featuredmedia":[{"embeddable":true,"href":"https:\/\/www.egemtv.com\/index.php?rest_route=\/wp\/v2\/media\/93217"}],"wp:attachment":[{"href":"https:\/\/www.egemtv.com\/index.php?rest_route=%2Fwp%2Fv2%2Fmedia&parent=93216"}],"wp:term":[{"taxonomy":"category","embeddable":true,"href":"https:\/\/www.egemtv.com\/index.php?rest_route=%2Fwp%2Fv2%2Fcategories&post=93216"},{"taxonomy":"post_tag","embeddable":true,"href":"https:\/\/www.egemtv.com\/index.php?rest_route=%2Fwp%2Fv2%2Ftags&post=93216"}],"curies":[{"name":"wp","href":"https:\/\/api.w.org\/{rel}","templated":true}]}}