{"id":93159,"date":"2026-03-10T11:15:03","date_gmt":"2026-03-10T08:15:03","guid":{"rendered":"https:\/\/www.egemtv.com\/?p=93159"},"modified":"2026-03-10T11:15:04","modified_gmt":"2026-03-10T08:15:04","slug":"muglada-sahte-sosyal-medya-hesaplarina-yonelik-operasyon-1-gozalti","status":"publish","type":"post","link":"https:\/\/www.egemtv.com\/?p=93159","title":{"rendered":"Mu\u011fla\u2019da sahte sosyal medya hesaplar\u0131na y\u00f6nelik operasyon: 1 g\u00f6zalt\u0131"},"content":{"rendered":"<p>Mu\u011fla\u2019da sahte sosyal medya hesaplar\u0131 \u00fczerinden hakaret, tehdit ve dezenformasyon iddialar\u0131na y\u00f6nelik y\u00fcr\u00fct\u00fclen soru\u015fturma kapsam\u0131nda d\u00fczenlenen operasyonda 1 ki\u015fi g\u00f6zalt\u0131na al\u0131nd\u0131.<\/p>\n<p>Mu\u011fla\u2019da sahte sosyal medya hesaplar\u0131 \u00fczerinden hakaret, tehdit, \u015fantaj ve dezenformasyon yap\u0131ld\u0131\u011f\u0131 iddialar\u0131na y\u00f6nelik y\u00fcr\u00fct\u00fclen soru\u015fturma kapsam\u0131nda Mu\u011fla Emniyet M\u00fcd\u00fcrl\u00fc\u011f\u00fc ekipleri taraf\u0131ndan operasyon ger\u00e7ekle\u015ftirildi. Mu\u011fla Cumhuriyet Ba\u015fsavc\u0131l\u0131\u011f\u0131n\u0131n talimat\u0131yla Mu\u011fla\u2019n\u0131n Bodrum il\u00e7esinde d\u00fczenlenen operasyonda E.A isimli \u015fah\u0131s g\u00f6z alt\u0131na al\u0131nd\u0131.<\/p>\n<p>Ge\u00e7ti\u011fimiz aylarda d\u00fczenlenen operasyonda \u00e7ok say\u0131da ki\u015fi g\u00f6zalt\u0131na al\u0131nm\u0131\u015f, 4 ki\u015fi tutuklanm\u0131\u015ft\u0131.<br \/><\/p>\n","protected":false},"excerpt":{"rendered":"<p>Mu\u011fla\u2019da sahte sosyal medya hesaplar\u0131 \u00fczerinden hakaret, tehdit ve dezenformasyon iddialar\u0131na y\u00f6nelik y\u00fcr\u00fct\u00fclen soru\u015fturma kapsam\u0131nda d\u00fczenlenen operasyonda 1 ki\u015fi g\u00f6zalt\u0131na al\u0131nd\u0131. Mu\u011fla\u2019da sahte sosyal medya hesaplar\u0131 \u00fczerinden hakaret, tehdit, \u015fantaj ve dezenformasyon yap\u0131ld\u0131\u011f\u0131 iddialar\u0131na y\u00f6nelik y\u00fcr\u00fct\u00fclen soru\u015fturma kapsam\u0131nda Mu\u011fla Emniyet M\u00fcd\u00fcrl\u00fc\u011f\u00fc ekipleri taraf\u0131ndan operasyon ger\u00e7ekle\u015ftirildi. Mu\u011fla Cumhuriyet Ba\u015fsavc\u0131l\u0131\u011f\u0131n\u0131n talimat\u0131yla Mu\u011fla\u2019n\u0131n Bodrum il\u00e7esinde d\u00fczenlenen operasyonda E.A&#8230;<\/p>\n","protected":false},"author":1,"featured_media":93160,"comment_status":"open","ping_status":"open","sticky":false,"template":"","format":"standard","meta":{"_crdt_document":"","footnotes":""},"categories":[5],"tags":[],"class_list":["post-93159","post","type-post","status-publish","format-standard","has-post-thumbnail","hentry","category-asayis"],"_links":{"self":[{"href":"https:\/\/www.egemtv.com\/index.php?rest_route=\/wp\/v2\/posts\/93159","targetHints":{"allow":["GET"]}}],"collection":[{"href":"https:\/\/www.egemtv.com\/index.php?rest_route=\/wp\/v2\/posts"}],"about":[{"href":"https:\/\/www.egemtv.com\/index.php?rest_route=\/wp\/v2\/types\/post"}],"author":[{"embeddable":true,"href":"https:\/\/www.egemtv.com\/index.php?rest_route=\/wp\/v2\/users\/1"}],"replies":[{"embeddable":true,"href":"https:\/\/www.egemtv.com\/index.php?rest_route=%2Fwp%2Fv2%2Fcomments&post=93159"}],"version-history":[{"count":1,"href":"https:\/\/www.egemtv.com\/index.php?rest_route=\/wp\/v2\/posts\/93159\/revisions"}],"predecessor-version":[{"id":93161,"href":"https:\/\/www.egemtv.com\/index.php?rest_route=\/wp\/v2\/posts\/93159\/revisions\/93161"}],"wp:featuredmedia":[{"embeddable":true,"href":"https:\/\/www.egemtv.com\/index.php?rest_route=\/wp\/v2\/media\/93160"}],"wp:attachment":[{"href":"https:\/\/www.egemtv.com\/index.php?rest_route=%2Fwp%2Fv2%2Fmedia&parent=93159"}],"wp:term":[{"taxonomy":"category","embeddable":true,"href":"https:\/\/www.egemtv.com\/index.php?rest_route=%2Fwp%2Fv2%2Fcategories&post=93159"},{"taxonomy":"post_tag","embeddable":true,"href":"https:\/\/www.egemtv.com\/index.php?rest_route=%2Fwp%2Fv2%2Ftags&post=93159"}],"curies":[{"name":"wp","href":"https:\/\/api.w.org\/{rel}","templated":true}]}}