{"id":93156,"date":"2026-03-10T11:15:02","date_gmt":"2026-03-10T08:15:02","guid":{"rendered":"https:\/\/www.egemtv.com\/?p=93156"},"modified":"2026-03-10T11:15:03","modified_gmt":"2026-03-10T08:15:03","slug":"bakan-yardimcisi-eminoglu-koskte-genclerle-bulustu","status":"publish","type":"post","link":"https:\/\/www.egemtv.com\/?p=93156","title":{"rendered":"Bakan Yard\u0131mc\u0131s\u0131 Emino\u011flu, K\u00f6\u015fk\u2019te gen\u00e7lerle bulu\u015ftu"},"content":{"rendered":"<p>Gen\u00e7lik ve Spor Bakan Yard\u0131mc\u0131s\u0131 Dr. Enes Emino\u011flu, Ayd\u0131n\u2019\u0131n K\u00f6\u015fk il\u00e7esindeki Gen\u00e7lik Merkezi\u2019nde gen\u00e7lerle bir araya gelerek sohbet edip g\u00f6r\u00fc\u015f ve \u00f6nerileri dinlendi.<\/p>\n<p>Ayd\u0131n\u2019\u0131n K\u00f6\u015fk il\u00e7esinde Gen\u00e7lik ve Spor Bakan Yard\u0131mc\u0131s\u0131 Dr. Enes Emino\u011flu\u2019nun kat\u0131l\u0131m\u0131yla K\u00f6\u015fk Gen\u00e7lik Merkezi\u2019nde gen\u00e7lerle bulu\u015fma program\u0131 d\u00fczenlendi. K\u00f6\u015fk Belediyesi ev sahipli\u011finde ger\u00e7ekle\u015ftirilen programda Bakan Yard\u0131mc\u0131s\u0131 Emino\u011flu ve K\u00f6\u015fk Belediye Ba\u015fkan\u0131 Nuri G\u00fcler, gen\u00e7lerle bir araya gelerek sohbet etti. Samimi bir ortamda ger\u00e7ekle\u015fen bulu\u015fmada gen\u00e7lerin g\u00f6r\u00fc\u015f ve \u00f6nerileri dinlenirken, gen\u00e7lerin enerjisi ve heyecan\u0131 programa damga vurdu. Gen\u00e7lerle bir araya gelmekten memnuniyet duyduklar\u0131n\u0131 ifade eden K\u00f6\u015fk Belediye Ba\u015fkan\u0131 Nuri G\u00fcler, gen\u00e7lerin fikirlerini dinlemenin ve onlar\u0131n heyecan\u0131n\u0131 payla\u015fman\u0131n kendileri i\u00e7in \u00e7ok k\u0131ymetli oldu\u011funu belirtti.<\/p>\n<p>Ba\u015fkan G\u00fcler; &#8220;Gen\u00e7lik ve Spor Bakan Yard\u0131mc\u0131m\u0131z Dr. Enes Emino\u011flu\u2019nun kat\u0131l\u0131mlar\u0131yla K\u00f6\u015fk Gen\u00e7lik Merkezimizde d\u00fczenlenen programda, gelece\u011fimizin teminat\u0131 olan gen\u00e7lerimizle bir araya gelerek samimi ve keyifli bir sohbet ger\u00e7ekle\u015ftirdik. Gen\u00e7lerimizin fikirlerini dinlemek, onlar\u0131n enerjisini ve heyecan\u0131n\u0131 payla\u015fmak bizler i\u00e7in \u00e7ok k\u0131ymetli. Nazik kat\u0131l\u0131mlar\u0131 ve vermi\u015f oldu\u011fu destekler i\u00e7in Bakan\u0131m\u0131za te\u015fekk\u00fcr ediyor, gen\u00e7lerimize ba\u015far\u0131 dolu bir gelecek diliyorum&#8221; dedi.<br \/><\/p>\n","protected":false},"excerpt":{"rendered":"<p>Gen\u00e7lik ve Spor Bakan Yard\u0131mc\u0131s\u0131 Dr. Enes Emino\u011flu, Ayd\u0131n\u2019\u0131n K\u00f6\u015fk il\u00e7esindeki Gen\u00e7lik Merkezi\u2019nde gen\u00e7lerle bir araya gelerek sohbet edip g\u00f6r\u00fc\u015f ve \u00f6nerileri dinlendi. Ayd\u0131n\u2019\u0131n K\u00f6\u015fk il\u00e7esinde Gen\u00e7lik ve Spor Bakan Yard\u0131mc\u0131s\u0131 Dr. Enes Emino\u011flu\u2019nun kat\u0131l\u0131m\u0131yla K\u00f6\u015fk Gen\u00e7lik Merkezi\u2019nde gen\u00e7lerle bulu\u015fma program\u0131 d\u00fczenlendi. K\u00f6\u015fk Belediyesi ev sahipli\u011finde ger\u00e7ekle\u015ftirilen programda Bakan Yard\u0131mc\u0131s\u0131 Emino\u011flu ve K\u00f6\u015fk Belediye Ba\u015fkan\u0131&#8230;<\/p>\n","protected":false},"author":1,"featured_media":93157,"comment_status":"open","ping_status":"open","sticky":false,"template":"","format":"standard","meta":{"_crdt_document":"","footnotes":""},"categories":[1],"tags":[],"class_list":["post-93156","post","type-post","status-publish","format-standard","has-post-thumbnail","hentry","category-guncel"],"_links":{"self":[{"href":"https:\/\/www.egemtv.com\/index.php?rest_route=\/wp\/v2\/posts\/93156","targetHints":{"allow":["GET"]}}],"collection":[{"href":"https:\/\/www.egemtv.com\/index.php?rest_route=\/wp\/v2\/posts"}],"about":[{"href":"https:\/\/www.egemtv.com\/index.php?rest_route=\/wp\/v2\/types\/post"}],"author":[{"embeddable":true,"href":"https:\/\/www.egemtv.com\/index.php?rest_route=\/wp\/v2\/users\/1"}],"replies":[{"embeddable":true,"href":"https:\/\/www.egemtv.com\/index.php?rest_route=%2Fwp%2Fv2%2Fcomments&post=93156"}],"version-history":[{"count":1,"href":"https:\/\/www.egemtv.com\/index.php?rest_route=\/wp\/v2\/posts\/93156\/revisions"}],"predecessor-version":[{"id":93158,"href":"https:\/\/www.egemtv.com\/index.php?rest_route=\/wp\/v2\/posts\/93156\/revisions\/93158"}],"wp:featuredmedia":[{"embeddable":true,"href":"https:\/\/www.egemtv.com\/index.php?rest_route=\/wp\/v2\/media\/93157"}],"wp:attachment":[{"href":"https:\/\/www.egemtv.com\/index.php?rest_route=%2Fwp%2Fv2%2Fmedia&parent=93156"}],"wp:term":[{"taxonomy":"category","embeddable":true,"href":"https:\/\/www.egemtv.com\/index.php?rest_route=%2Fwp%2Fv2%2Fcategories&post=93156"},{"taxonomy":"post_tag","embeddable":true,"href":"https:\/\/www.egemtv.com\/index.php?rest_route=%2Fwp%2Fv2%2Ftags&post=93156"}],"curies":[{"name":"wp","href":"https:\/\/api.w.org\/{rel}","templated":true}]}}