{"id":93153,"date":"2026-03-10T11:15:00","date_gmt":"2026-03-10T08:15:00","guid":{"rendered":"https:\/\/www.egemtv.com\/?p=93153"},"modified":"2026-03-10T11:15:01","modified_gmt":"2026-03-10T08:15:01","slug":"bozdoganda-ihtiyac-sahibi-vatandaslarin-talepleri-yerine-getiriliyor","status":"publish","type":"post","link":"https:\/\/www.egemtv.com\/?p=93153","title":{"rendered":"Bozdo\u011fan\u2019da ihtiya\u00e7 sahibi vatanda\u015flar\u0131n talepleri yerine getiriliyor"},"content":{"rendered":"<p>Bozdo\u011fan Belediyesi, sosyal belediyecilik anlay\u0131\u015f\u0131 kapsam\u0131nda il\u00e7ede ya\u015fayan engelli ve ya\u015f alm\u0131\u015f vatanda\u015flar\u0131 yaln\u0131z b\u0131rakm\u0131yor. K\u00fclt\u00fcr ve Sosyal Hizmetler M\u00fcd\u00fcrl\u00fc\u011f\u00fc\u2019ne ba\u011fl\u0131 ekipler taraf\u0131ndan y\u00fcr\u00fct\u00fclen \u00e7al\u0131\u015fmalarla vatanda\u015flar evlerinde ziyaret edilerek ihtiya\u00e7 ve talepleri yerinde dinleniyor.<\/p>\n<p>Ger\u00e7ekle\u015ftirilen ziyaretlerde vatanda\u015flar\u0131n hal ve hat\u0131rlar\u0131 sorulurken, talep ve ihtiya\u00e7lar\u0131 da belediye ekipleri taraf\u0131ndan kar\u015f\u0131lan\u0131yor. Bozdo\u011fan Belediye Ba\u015fkan\u0131 Mustafa Galip \u00d6zel\u2019in talimat\u0131yla s\u00fcrd\u00fcr\u00fclen \u00e7al\u0131\u015fmalar kapsam\u0131nda sosyal destek ekipleri il\u00e7enin farkl\u0131 mahallelerinde ziyaretlerini aral\u0131ks\u0131z s\u00fcrd\u00fcr\u00fcyor.<\/p>\n<p>Belediyeden yap\u0131lan a\u00e7\u0131klamada, yakla\u015f\u0131k iki ay gibi k\u0131sa bir s\u00fcrede 160 vatanda\u015fa birebir ula\u015f\u0131ld\u0131\u011f\u0131 ve ihtiya\u00e7lar\u0131n yerinde tespit edilerek gerekli desteklerin sa\u011fland\u0131\u011f\u0131 belirtildi.<\/p>\n<p>&#8220;Belediyen Yan\u0131nda&#8221; slogan\u0131yla y\u00fcr\u00fct\u00fclen \u00e7al\u0131\u015fmalar kapsam\u0131nda a\u00e7\u0131klamada bulunan Belediye Ba\u015fkan\u0131 Mustafa Galip \u00d6zel &#8220;Bozdo\u011fan Belediyesi olarak il\u00e7emizde ya\u015fayan engelli ve ya\u015f alm\u0131\u015f k\u0131ymetli hem\u015fehrilerimizi evlerinde ziyaret ederek g\u00f6n\u00fcl kap\u0131lar\u0131n\u0131 \u00e7al\u0131yoruz. B\u00fcy\u00fcklerimizin h\u00e2l ve hat\u0131rlar\u0131n\u0131 sorup sohbet ediyor, taleplerini ve ihtiya\u00e7lar\u0131n\u0131 yerinde dinleyerek yanlar\u0131nda oldu\u011fumuzu hissettiriyoruz. Onlar\u0131n duas\u0131 ve ya\u015fam tecr\u00fcbeleri bizim i\u00e7in en k\u0131ymetli rehberdir. Sosyal belediyecilik anlay\u0131\u015f\u0131yla yaln\u0131zca hizmet g\u00f6t\u00fcren de\u011fil, g\u00f6n\u00fcllere dokunan bir belediyecilik anlay\u0131\u015f\u0131yla hareket ediyoruz. \u0130htiya\u00e7 sahibi, engelli ve ya\u015f alm\u0131\u015f vatanda\u015flar\u0131m\u0131z\u0131n her zaman yan\u0131nda olmaya devam edece\u011fiz. Bozdo\u011fan\u2019da dayan\u0131\u015fma var, vefa var, sahip \u00e7\u0131kma var. \u00c7\u00fcnk\u00fc Bozdo\u011fan\u2019da kimse yaln\u0131z de\u011fil&#8221; ifadelerini kulland\u0131.<br \/><\/p>\n","protected":false},"excerpt":{"rendered":"<p>Bozdo\u011fan Belediyesi, sosyal belediyecilik anlay\u0131\u015f\u0131 kapsam\u0131nda il\u00e7ede ya\u015fayan engelli ve ya\u015f alm\u0131\u015f vatanda\u015flar\u0131 yaln\u0131z b\u0131rakm\u0131yor. K\u00fclt\u00fcr ve Sosyal Hizmetler M\u00fcd\u00fcrl\u00fc\u011f\u00fc\u2019ne ba\u011fl\u0131 ekipler taraf\u0131ndan y\u00fcr\u00fct\u00fclen \u00e7al\u0131\u015fmalarla vatanda\u015flar evlerinde ziyaret edilerek ihtiya\u00e7 ve talepleri yerinde dinleniyor. Ger\u00e7ekle\u015ftirilen ziyaretlerde vatanda\u015flar\u0131n hal ve hat\u0131rlar\u0131 sorulurken, talep ve ihtiya\u00e7lar\u0131 da belediye ekipleri taraf\u0131ndan kar\u015f\u0131lan\u0131yor. Bozdo\u011fan Belediye Ba\u015fkan\u0131 Mustafa Galip \u00d6zel\u2019in&#8230;<\/p>\n","protected":false},"author":1,"featured_media":93154,"comment_status":"open","ping_status":"open","sticky":false,"template":"","format":"standard","meta":{"_crdt_document":"","footnotes":""},"categories":[1],"tags":[],"class_list":["post-93153","post","type-post","status-publish","format-standard","has-post-thumbnail","hentry","category-guncel"],"_links":{"self":[{"href":"https:\/\/www.egemtv.com\/index.php?rest_route=\/wp\/v2\/posts\/93153","targetHints":{"allow":["GET"]}}],"collection":[{"href":"https:\/\/www.egemtv.com\/index.php?rest_route=\/wp\/v2\/posts"}],"about":[{"href":"https:\/\/www.egemtv.com\/index.php?rest_route=\/wp\/v2\/types\/post"}],"author":[{"embeddable":true,"href":"https:\/\/www.egemtv.com\/index.php?rest_route=\/wp\/v2\/users\/1"}],"replies":[{"embeddable":true,"href":"https:\/\/www.egemtv.com\/index.php?rest_route=%2Fwp%2Fv2%2Fcomments&post=93153"}],"version-history":[{"count":1,"href":"https:\/\/www.egemtv.com\/index.php?rest_route=\/wp\/v2\/posts\/93153\/revisions"}],"predecessor-version":[{"id":93155,"href":"https:\/\/www.egemtv.com\/index.php?rest_route=\/wp\/v2\/posts\/93153\/revisions\/93155"}],"wp:featuredmedia":[{"embeddable":true,"href":"https:\/\/www.egemtv.com\/index.php?rest_route=\/wp\/v2\/media\/93154"}],"wp:attachment":[{"href":"https:\/\/www.egemtv.com\/index.php?rest_route=%2Fwp%2Fv2%2Fmedia&parent=93153"}],"wp:term":[{"taxonomy":"category","embeddable":true,"href":"https:\/\/www.egemtv.com\/index.php?rest_route=%2Fwp%2Fv2%2Fcategories&post=93153"},{"taxonomy":"post_tag","embeddable":true,"href":"https:\/\/www.egemtv.com\/index.php?rest_route=%2Fwp%2Fv2%2Ftags&post=93153"}],"curies":[{"name":"wp","href":"https:\/\/api.w.org\/{rel}","templated":true}]}}