{"id":93150,"date":"2026-03-10T10:54:50","date_gmt":"2026-03-10T07:54:50","guid":{"rendered":"https:\/\/www.egemtv.com\/?p=93150"},"modified":"2026-03-10T10:54:51","modified_gmt":"2026-03-10T07:54:51","slug":"baskan-erol-hizmetin-onundeki-tek-engel-chpdir","status":"publish","type":"post","link":"https:\/\/www.egemtv.com\/?p=93150","title":{"rendered":"Ba\u015fkan Erol: &#8220;Hizmetin \u00f6n\u00fcndeki tek engel CHP\u2019dir&#8221;"},"content":{"rendered":"<p>Ayd\u0131n B\u00fcy\u00fck\u015fehir Belediye Meclisi\u2019nde g\u00f6r\u00fc\u015f\u00fclen il genelindeki yat\u0131r\u0131mlar i\u00e7in \u0130ller Bankas\u0131\u2019ndan 1,5 milyar TL kredi kullan\u0131m\u0131na ret oyu veren Cumhuriyet Halk Partisi (CHP) grubunu ele\u015ftiren Buharkent Belediye Ba\u015fkan\u0131 Mehmet Erol; &#8220;Hizmetin \u00f6n\u00fcndeki tek engel CHP\u2019dir&#8221; dedi.<\/p>\n<p>Konu ile ilgili a\u00e7\u0131klama yapan Ba\u015fkan Erol, &#8220;Ayd\u0131n B\u00fcy\u00fck\u015fehir Belediyesi taraf\u0131ndan Ayd\u0131n\u2019\u0131n 17 il\u00e7esinde ger\u00e7ekle\u015ftirilecek yol, k\u00f6pr\u00fc gibi hizmetler i\u00e7in \u0130ller Bankas\u0131\u2019ndan al\u0131nacak 1.5 milyar TL krediye CHP\u2019li meclis \u00fcyelerinin red oyu kullanmalar\u0131ndaki ger\u00e7ek niyetlerinin \u2019hizmeti engelleme\u2019 oldu\u011funu t\u00fcm hem\u015fehrilerimiz \u00e7ok iyi biliyor. Aksi y\u00f6nde a\u00e7\u0131klamalar\u0131 bo\u015funa bir \u00e7abad\u0131r. Bu millet feraset sahibidir. Biz bu filmi Buharkent\u2019te de g\u00f6rd\u00fck. CHP\u2019lilerin red oyu verdikleri Buharkent Belediyesi taraf\u0131ndan yap\u0131lan Kapal\u0131 Pazaryeri ve 24 s\u0131n\u0131fl\u0131 Buharkent Anadolu Lisesi\u2019nin yap\u0131m\u0131nda da ayn\u0131 tavr\u0131 sergilediler. Ancak biz CHP\u2019ye ra\u011fmen bu b\u00fcy\u00fck projeleri yapt\u0131k. Red oyu vermekle zaman\u0131nda 6 milyon TL\u2019ye yap\u0131lacak Kapal\u0131 Pazaryeri daha sonra 85 milyon TL\u2019ye yap\u0131ld\u0131. Bak\u0131yoruz, CHP heyeti milletvekillerini de yanlar\u0131na alarak yap\u0131lmas\u0131n\u0131 engellemeye \u00e7al\u0131\u015ft\u0131klar\u0131 Kapal\u0131 Pazaryerimizi utanmadan ziyaret etmi\u015fler&#8221; dedi.<br \/><\/p>\n","protected":false},"excerpt":{"rendered":"<p>Ayd\u0131n B\u00fcy\u00fck\u015fehir Belediye Meclisi\u2019nde g\u00f6r\u00fc\u015f\u00fclen il genelindeki yat\u0131r\u0131mlar i\u00e7in \u0130ller Bankas\u0131\u2019ndan 1,5 milyar TL kredi kullan\u0131m\u0131na ret oyu veren Cumhuriyet Halk Partisi (CHP) grubunu ele\u015ftiren Buharkent Belediye Ba\u015fkan\u0131 Mehmet Erol; &#8220;Hizmetin \u00f6n\u00fcndeki tek engel CHP\u2019dir&#8221; dedi. Konu ile ilgili a\u00e7\u0131klama yapan Ba\u015fkan Erol, &#8220;Ayd\u0131n B\u00fcy\u00fck\u015fehir Belediyesi taraf\u0131ndan Ayd\u0131n\u2019\u0131n 17 il\u00e7esinde ger\u00e7ekle\u015ftirilecek yol, k\u00f6pr\u00fc gibi hizmetler&#8230;<\/p>\n","protected":false},"author":1,"featured_media":93151,"comment_status":"open","ping_status":"open","sticky":false,"template":"","format":"standard","meta":{"_crdt_document":"","footnotes":""},"categories":[127],"tags":[],"class_list":["post-93150","post","type-post","status-publish","format-standard","has-post-thumbnail","hentry","category-siyaset"],"_links":{"self":[{"href":"https:\/\/www.egemtv.com\/index.php?rest_route=\/wp\/v2\/posts\/93150","targetHints":{"allow":["GET"]}}],"collection":[{"href":"https:\/\/www.egemtv.com\/index.php?rest_route=\/wp\/v2\/posts"}],"about":[{"href":"https:\/\/www.egemtv.com\/index.php?rest_route=\/wp\/v2\/types\/post"}],"author":[{"embeddable":true,"href":"https:\/\/www.egemtv.com\/index.php?rest_route=\/wp\/v2\/users\/1"}],"replies":[{"embeddable":true,"href":"https:\/\/www.egemtv.com\/index.php?rest_route=%2Fwp%2Fv2%2Fcomments&post=93150"}],"version-history":[{"count":1,"href":"https:\/\/www.egemtv.com\/index.php?rest_route=\/wp\/v2\/posts\/93150\/revisions"}],"predecessor-version":[{"id":93152,"href":"https:\/\/www.egemtv.com\/index.php?rest_route=\/wp\/v2\/posts\/93150\/revisions\/93152"}],"wp:featuredmedia":[{"embeddable":true,"href":"https:\/\/www.egemtv.com\/index.php?rest_route=\/wp\/v2\/media\/93151"}],"wp:attachment":[{"href":"https:\/\/www.egemtv.com\/index.php?rest_route=%2Fwp%2Fv2%2Fmedia&parent=93150"}],"wp:term":[{"taxonomy":"category","embeddable":true,"href":"https:\/\/www.egemtv.com\/index.php?rest_route=%2Fwp%2Fv2%2Fcategories&post=93150"},{"taxonomy":"post_tag","embeddable":true,"href":"https:\/\/www.egemtv.com\/index.php?rest_route=%2Fwp%2Fv2%2Ftags&post=93150"}],"curies":[{"name":"wp","href":"https:\/\/api.w.org\/{rel}","templated":true}]}}