{"id":93147,"date":"2026-03-10T10:54:49","date_gmt":"2026-03-10T07:54:49","guid":{"rendered":"https:\/\/www.egemtv.com\/?p=93147"},"modified":"2026-03-10T10:54:50","modified_gmt":"2026-03-10T07:54:50","slug":"nazillide-ramazanin-manevi-iklimi-okullara-yansidi","status":"publish","type":"post","link":"https:\/\/www.egemtv.com\/?p=93147","title":{"rendered":"Nazilli\u2019de Ramazan\u2019\u0131n manevi iklimi okullara yans\u0131d\u0131"},"content":{"rendered":"<p>Ayd\u0131n\u2019\u0131n Nazilli il\u00e7esinde okullarda Ramazan ay\u0131n\u0131n manevi atmosferi \u00e7e\u015fitli etkinliklerle ya\u015fat\u0131l\u0131rken, \u00f6\u011frenciler taraf\u0131ndan haz\u0131rlanan yard\u0131m kolileri ihtiya\u00e7 sahibi ailelere ula\u015ft\u0131r\u0131lmak \u00fczere mahalle muhtarlar\u0131na teslim edildi.<\/p>\n<p>Nazilli \u0130l\u00e7e Milli E\u011fitim M\u00fcd\u00fcrl\u00fc\u011f\u00fc taraf\u0131ndan yap\u0131lan a\u00e7\u0131klamada, Ramazan ay\u0131n\u0131n manevi ikliminin okullarda ger\u00e7ekle\u015ftirilen etkinliklerle hissedilmeye devam etti\u011fi belirtildi. S\u0131n\u0131flarda yap\u0131lan s\u00fcslemeler ve koridorlar\u0131 renklendiren \u00e7al\u0131\u015fmalarla Ramazan ay\u0131n\u0131n bereketi ve huzurunun okullara yans\u0131d\u0131\u011f\u0131 ifade edildi. Okullarda d\u00fczenlenen etkinlikler kapsam\u0131nda \u00f6\u011frencilerin hem geleneksel de\u011ferleri tan\u0131d\u0131\u011f\u0131 hem de payla\u015fma ve dayan\u0131\u015fma duygusunu ya\u015fayarak \u00f6\u011frendi\u011fi kaydedildi. Ramazan davulcusu etkinlikleriyle k\u00fclt\u00fcrel de\u011ferlerin hat\u0131rlat\u0131ld\u0131\u011f\u0131, haz\u0131rlanan yard\u0131m kolileriyle ise ihtiya\u00e7 sahibi ailelere destek olundu\u011fu bildirildi. Bu \u00e7er\u00e7evede okullar\u0131n kendi imkanlar\u0131 do\u011frultusunda haz\u0131rlad\u0131\u011f\u0131 Ramazan kolilerinin, ihtiya\u00e7 sahibi ailelere ula\u015ft\u0131r\u0131lmas\u0131 amac\u0131yla mahalle muhtarlar\u0131na teslim edildi\u011fi aktar\u0131ld\u0131. B\u00f6ylece \u00f6\u011frencilerin Ramazan ay\u0131n\u0131n en \u00f6nemli de\u011ferlerinden biri olan yard\u0131mla\u015fma ve dayan\u0131\u015fman\u0131n \u00f6nemini ya\u015fayarak tecr\u00fcbe etti\u011fi ifade edildi.<\/p>\n<p>A\u00e7\u0131klamada ayr\u0131ca, birlik ve beraberlik duygular\u0131n\u0131 g\u00fc\u00e7lendiren \u00e7al\u0131\u015fmada eme\u011fi ge\u00e7en \u00f6\u011frenci, veli, \u00f6\u011fretmen ve idarecilere te\u015fekk\u00fcr edilerek Ramazan ay\u0131n\u0131n rahmet, bereket ve karde\u015flik ikliminin t\u00fcm okullarda hissedilmeye devam etmesi temennisinde bulunuldu.<br \/><\/p>\n","protected":false},"excerpt":{"rendered":"<p>Ayd\u0131n\u2019\u0131n Nazilli il\u00e7esinde okullarda Ramazan ay\u0131n\u0131n manevi atmosferi \u00e7e\u015fitli etkinliklerle ya\u015fat\u0131l\u0131rken, \u00f6\u011frenciler taraf\u0131ndan haz\u0131rlanan yard\u0131m kolileri ihtiya\u00e7 sahibi ailelere ula\u015ft\u0131r\u0131lmak \u00fczere mahalle muhtarlar\u0131na teslim edildi. Nazilli \u0130l\u00e7e Milli E\u011fitim M\u00fcd\u00fcrl\u00fc\u011f\u00fc taraf\u0131ndan yap\u0131lan a\u00e7\u0131klamada, Ramazan ay\u0131n\u0131n manevi ikliminin okullarda ger\u00e7ekle\u015ftirilen etkinliklerle hissedilmeye devam etti\u011fi belirtildi. S\u0131n\u0131flarda yap\u0131lan s\u00fcslemeler ve koridorlar\u0131 renklendiren \u00e7al\u0131\u015fmalarla Ramazan ay\u0131n\u0131n bereketi ve&#8230;<\/p>\n","protected":false},"author":1,"featured_media":93148,"comment_status":"open","ping_status":"open","sticky":false,"template":"","format":"standard","meta":{"_crdt_document":"","footnotes":""},"categories":[1],"tags":[],"class_list":["post-93147","post","type-post","status-publish","format-standard","has-post-thumbnail","hentry","category-guncel"],"_links":{"self":[{"href":"https:\/\/www.egemtv.com\/index.php?rest_route=\/wp\/v2\/posts\/93147","targetHints":{"allow":["GET"]}}],"collection":[{"href":"https:\/\/www.egemtv.com\/index.php?rest_route=\/wp\/v2\/posts"}],"about":[{"href":"https:\/\/www.egemtv.com\/index.php?rest_route=\/wp\/v2\/types\/post"}],"author":[{"embeddable":true,"href":"https:\/\/www.egemtv.com\/index.php?rest_route=\/wp\/v2\/users\/1"}],"replies":[{"embeddable":true,"href":"https:\/\/www.egemtv.com\/index.php?rest_route=%2Fwp%2Fv2%2Fcomments&post=93147"}],"version-history":[{"count":1,"href":"https:\/\/www.egemtv.com\/index.php?rest_route=\/wp\/v2\/posts\/93147\/revisions"}],"predecessor-version":[{"id":93149,"href":"https:\/\/www.egemtv.com\/index.php?rest_route=\/wp\/v2\/posts\/93147\/revisions\/93149"}],"wp:featuredmedia":[{"embeddable":true,"href":"https:\/\/www.egemtv.com\/index.php?rest_route=\/wp\/v2\/media\/93148"}],"wp:attachment":[{"href":"https:\/\/www.egemtv.com\/index.php?rest_route=%2Fwp%2Fv2%2Fmedia&parent=93147"}],"wp:term":[{"taxonomy":"category","embeddable":true,"href":"https:\/\/www.egemtv.com\/index.php?rest_route=%2Fwp%2Fv2%2Fcategories&post=93147"},{"taxonomy":"post_tag","embeddable":true,"href":"https:\/\/www.egemtv.com\/index.php?rest_route=%2Fwp%2Fv2%2Ftags&post=93147"}],"curies":[{"name":"wp","href":"https:\/\/api.w.org\/{rel}","templated":true}]}}