{"id":93144,"date":"2026-03-10T10:54:48","date_gmt":"2026-03-10T07:54:48","guid":{"rendered":"https:\/\/www.egemtv.com\/?p=93144"},"modified":"2026-03-10T10:54:48","modified_gmt":"2026-03-10T07:54:48","slug":"aydinda-sap-ve-hastaliklara-karsi-asilama-calismalari-suruyor","status":"publish","type":"post","link":"https:\/\/www.egemtv.com\/?p=93144","title":{"rendered":"Ayd\u0131n\u2019da \u015fap ve hastal\u0131klara kar\u015f\u0131 a\u015f\u0131lama \u00e7al\u0131\u015fmalar\u0131 s\u00fcr\u00fcyor"},"content":{"rendered":"<p>Ayd\u0131n\u2019da hayvan sa\u011fl\u0131\u011f\u0131n\u0131 korumak ve bula\u015f\u0131c\u0131 hastal\u0131klar\u0131n yay\u0131lmas\u0131n\u0131 \u00f6nlemek amac\u0131yla ba\u015flat\u0131lan a\u015f\u0131lama \u00e7al\u0131\u015fmalar\u0131 kapsam\u0131nda, il genelindeki 508 bin b\u00fcy\u00fckba\u015f hayvan\u0131n \u015fap a\u015f\u0131s\u0131 yap\u0131lacak, di\u015fi b\u00fcy\u00fckba\u015f hayvanlar ise bruselloza kar\u015f\u0131 a\u015f\u0131lanacak.<\/p>\n<p>Ayd\u0131n \u0130l Tar\u0131m ve Orman M\u00fcd\u00fcrl\u00fc\u011f\u00fc taraf\u0131ndan hayvan sa\u011fl\u0131\u011f\u0131n\u0131 korumak ve bula\u015f\u0131c\u0131 hastal\u0131klar\u0131n yay\u0131lmas\u0131n\u0131 \u00f6nlemek amac\u0131yla y\u00fcr\u00fct\u00fclen a\u015f\u0131lama \u00e7al\u0131\u015fmalar\u0131 il genelinde aral\u0131ks\u0131z s\u00fcrd\u00fcr\u00fcl\u00fcyor. \u0130l genelindeki 17 il\u00e7ede e\u015f zamanl\u0131 olarak ger\u00e7ekle\u015ftirilen \u00e7al\u0131\u015fmalar kapsam\u0131nda, Ayd\u0131n\u2019daki yakla\u015f\u0131k 508 bin b\u00fcy\u00fckba\u015f hayvan\u0131n tamam\u0131na \u015fap a\u015f\u0131s\u0131 uygulanmas\u0131 planlan\u0131yor. Ayr\u0131ca di\u015fi b\u00fcy\u00fckba\u015f hayvanlar\u0131n tamam\u0131 da bruselloz hastal\u0131\u011f\u0131na kar\u015f\u0131 a\u015f\u0131lanacak. A\u015f\u0131lama \u00e7al\u0131\u015fmalar\u0131n\u0131n hayvan sa\u011fl\u0131\u011f\u0131n\u0131n korunmas\u0131, \u00fcreticilerin ekonomik kay\u0131plar ya\u015famamas\u0131 ve muhtemel salg\u0131nlar\u0131n \u00f6nlenmesi a\u00e7\u0131s\u0131ndan b\u00fcy\u00fck \u00f6nem ta\u015f\u0131d\u0131\u011f\u0131n\u0131 belirten Ayd\u0131n \u0130l Tar\u0131m ve Orman M\u00fcd\u00fcrl\u00fc\u011f\u00fc\u2019nden yap\u0131lan a\u00e7\u0131klamada &#8220;Hayvan sa\u011fl\u0131\u011f\u0131n\u0131n korunmas\u0131, \u00fcreticilerimizin ekonomik kay\u0131p ya\u015famamas\u0131 ve yeni salg\u0131nlar\u0131n \u00f6nlenmesi i\u00e7in hayvanlar\u0131n\u0131z\u0131 mutlaka a\u015f\u0131lat\u0131n\u0131z&#8221; \u00e7a\u011fr\u0131s\u0131 yap\u0131ld\u0131.<br \/><\/p>\n","protected":false},"excerpt":{"rendered":"<p>Ayd\u0131n\u2019da hayvan sa\u011fl\u0131\u011f\u0131n\u0131 korumak ve bula\u015f\u0131c\u0131 hastal\u0131klar\u0131n yay\u0131lmas\u0131n\u0131 \u00f6nlemek amac\u0131yla ba\u015flat\u0131lan a\u015f\u0131lama \u00e7al\u0131\u015fmalar\u0131 kapsam\u0131nda, il genelindeki 508 bin b\u00fcy\u00fckba\u015f hayvan\u0131n \u015fap a\u015f\u0131s\u0131 yap\u0131lacak, di\u015fi b\u00fcy\u00fckba\u015f hayvanlar ise bruselloza kar\u015f\u0131 a\u015f\u0131lanacak. Ayd\u0131n \u0130l Tar\u0131m ve Orman M\u00fcd\u00fcrl\u00fc\u011f\u00fc taraf\u0131ndan hayvan sa\u011fl\u0131\u011f\u0131n\u0131 korumak ve bula\u015f\u0131c\u0131 hastal\u0131klar\u0131n yay\u0131lmas\u0131n\u0131 \u00f6nlemek amac\u0131yla y\u00fcr\u00fct\u00fclen a\u015f\u0131lama \u00e7al\u0131\u015fmalar\u0131 il genelinde aral\u0131ks\u0131z s\u00fcrd\u00fcr\u00fcl\u00fcyor. \u0130l genelindeki&#8230;<\/p>\n","protected":false},"author":1,"featured_media":93145,"comment_status":"open","ping_status":"open","sticky":false,"template":"","format":"standard","meta":{"_crdt_document":"","footnotes":""},"categories":[1],"tags":[],"class_list":["post-93144","post","type-post","status-publish","format-standard","has-post-thumbnail","hentry","category-guncel"],"_links":{"self":[{"href":"https:\/\/www.egemtv.com\/index.php?rest_route=\/wp\/v2\/posts\/93144","targetHints":{"allow":["GET"]}}],"collection":[{"href":"https:\/\/www.egemtv.com\/index.php?rest_route=\/wp\/v2\/posts"}],"about":[{"href":"https:\/\/www.egemtv.com\/index.php?rest_route=\/wp\/v2\/types\/post"}],"author":[{"embeddable":true,"href":"https:\/\/www.egemtv.com\/index.php?rest_route=\/wp\/v2\/users\/1"}],"replies":[{"embeddable":true,"href":"https:\/\/www.egemtv.com\/index.php?rest_route=%2Fwp%2Fv2%2Fcomments&post=93144"}],"version-history":[{"count":1,"href":"https:\/\/www.egemtv.com\/index.php?rest_route=\/wp\/v2\/posts\/93144\/revisions"}],"predecessor-version":[{"id":93146,"href":"https:\/\/www.egemtv.com\/index.php?rest_route=\/wp\/v2\/posts\/93144\/revisions\/93146"}],"wp:featuredmedia":[{"embeddable":true,"href":"https:\/\/www.egemtv.com\/index.php?rest_route=\/wp\/v2\/media\/93145"}],"wp:attachment":[{"href":"https:\/\/www.egemtv.com\/index.php?rest_route=%2Fwp%2Fv2%2Fmedia&parent=93144"}],"wp:term":[{"taxonomy":"category","embeddable":true,"href":"https:\/\/www.egemtv.com\/index.php?rest_route=%2Fwp%2Fv2%2Fcategories&post=93144"},{"taxonomy":"post_tag","embeddable":true,"href":"https:\/\/www.egemtv.com\/index.php?rest_route=%2Fwp%2Fv2%2Ftags&post=93144"}],"curies":[{"name":"wp","href":"https:\/\/api.w.org\/{rel}","templated":true}]}}