{"id":93135,"date":"2026-03-10T10:34:37","date_gmt":"2026-03-10T07:34:37","guid":{"rendered":"https:\/\/www.egemtv.com\/?p=93135"},"modified":"2026-03-10T10:34:38","modified_gmt":"2026-03-10T07:34:38","slug":"yeni-dikili-devlet-hastanesi-hizmete-basladi","status":"publish","type":"post","link":"https:\/\/www.egemtv.com\/?p=93135","title":{"rendered":"Yeni Dikili Devlet Hastanesi hizmete ba\u015flad\u0131"},"content":{"rendered":"<p>\u0130zmir\u2019in sa\u011fl\u0131k altyap\u0131s\u0131n\u0131 g\u00fc\u00e7lendirecek \u00f6nemli yat\u0131r\u0131mlardan biri olan 75 yatakl\u0131 yeni Dikili Devlet Hastanesi hizmete a\u00e7\u0131ld\u0131. Modern mimarisi ve donan\u0131m\u0131yla dikkat \u00e7eken yeni hastane, Dikili ve \u00e7evre il\u00e7elerde ya\u015fayan vatanda\u015flara daha nitelikli ve kapsaml\u0131 sa\u011fl\u0131k hizmeti sunacak.<br \/>\n<br \/>Toplam 15 bin 10 metrekare a\u00e7\u0131k alan, 3 bin 969 metre kare kapal\u0131 alan \u00fczerine kurulan ve 4 kattan olu\u015fan yeni hastane binas\u0131, hasta ve sa\u011fl\u0131k \u00e7al\u0131\u015fanlar\u0131n\u0131n konforu d\u00fc\u015f\u00fcn\u00fclerek tasarland\u0131. Yeni Dikili Devlet Hastanesi b\u00fcnyesinde 14 baksl\u0131, 2 terapi ve 1rehabilitasyon odal\u0131 Fizik Tedavi ve Rehabilitasyon \u00dcnitesi, 15 yatakl\u0131 acil servis, 10 \u00fcniteli hemodiyaliz merkezi, 20 poliklinik odas\u0131, 2 Sanc\u0131l\u0131 Do\u011fum Lohusa (SDL) odal\u0131 do\u011fumhane, 5 yatakl\u0131 eri\u015fkin yo\u011fun bak\u0131m \u00fcnitesi, 4 kuv\u00f6z kapasiteli yenido\u011fan yo\u011fun bak\u0131m \u00fcnitesi bulunuyor. Hastanede ayr\u0131ca 2 genel ameliyathane (bunlardan biri ortopedi ameliyatlar\u0131 i\u00e7in kur\u015fun kapl\u0131 olarak tasarland\u0131) ve 1 lokal ameliyathane olmak \u00fczere toplam 3 ameliyathane salonu yer al\u0131yor.<br \/>\n<br \/>Sa\u011fl\u0131k hizmetlerinin geni\u015f bir yelpazede sunulaca\u011f\u0131 hastanede; eskiden tek karma olan servisten palyatif bak\u0131m birimi de olmak \u00fczere 3 servis olu\u015fturuldu. Servislerde 26 tek ki\u015filik nitelikli odalar\u0131n yan\u0131nda 14 \u00e2det \u00e7ift ki\u015filik oda bulunuyor. Tan\u0131 ve te\u015fhis s\u00fcre\u00e7lerinin h\u0131zl\u0131 ve etkin \u015fekilde y\u00fcr\u00fct\u00fclmesi amac\u0131yla bilgisayarl\u0131 tomografi, ultrason, r\u00f6ntgen ve kemik dansitometresi gibi modern g\u00f6r\u00fcnt\u00fcleme cihazlar\u0131 da hastanede hizmete sunuldu.<\/p>\n<p>&#8220;\u0130zmir\u2019de sa\u011fl\u0131k yat\u0131r\u0131mlar\u0131m\u0131z aral\u0131ks\u0131z s\u00fcr\u00fcyor&#8221;<br \/>\n<br \/>\u0130zmir \u0130l Sa\u011fl\u0131k M\u00fcd\u00fcr\u00fc Do\u00e7. Dr. Ayhan Kul, yeni hastanenin hizmete ba\u015flamas\u0131yla ilgili yapt\u0131\u011f\u0131 a\u00e7\u0131klamada, \u0130zmir genelinde sa\u011fl\u0131k yat\u0131r\u0131mlar\u0131n\u0131n devam etti\u011fini belirtti. Kul, &#8220;\u0130zmir\u2019de vatanda\u015flar\u0131m\u0131z\u0131n sa\u011fl\u0131k hizmetlerine daha h\u0131zl\u0131 ve nitelikli \u015fekilde ula\u015fabilmesi i\u00e7in yat\u0131r\u0131mlar\u0131m\u0131z\u0131 s\u00fcrd\u00fcr\u00fcyoruz. Yeni Dikili Devlet Hastanemiz de bu vizyonun \u00f6nemli bir par\u00e7as\u0131d\u0131r. Modern altyap\u0131s\u0131, g\u00fc\u00e7l\u00fc teknolojik donan\u0131m\u0131 ve sa\u011fl\u0131k \u00e7al\u0131\u015fanlar\u0131m\u0131z\u0131n \u00f6zverili hizmetiyle Dikili ve \u00e7evre il\u00e7elerde ya\u015fayan vatanda\u015flar\u0131m\u0131za \u00f6nemli katk\u0131 sa\u011flayacakt\u0131r.&#8221; dedi.<br \/>\n<br \/>Yeni hastanenin b\u00f6lge i\u00e7in \u00f6nemli bir ihtiya\u00e7 oldu\u011funu vurgulayan Kul, &#8220;Vatanda\u015flar\u0131m\u0131z\u0131n sa\u011fl\u0131k hizmetlerine eri\u015fimini kolayla\u015ft\u0131rmak, tan\u0131 ve tedavi s\u00fcre\u00e7lerini daha h\u0131zl\u0131 ve etkin hale getirmek \u00f6ncelikli hedefimizdir. Yeni Dikili Devlet Hastanemizin il\u00e7emize ve b\u00f6lgemize hay\u0131rl\u0131 olmas\u0131n\u0131 diliyorum.&#8221; ifadelerini kulland\u0131.<br \/>\n<br \/>Yeni Dikili Devlet Hastanesi ile birlikte il\u00e7ede sa\u011fl\u0131k hizmetlerinin kapasitesi art\u0131r\u0131l\u0131rken, vatanda\u015flar\u0131n ileri tetkik ve tedavi i\u00e7in farkl\u0131 merkezlere gitme ihtiyac\u0131n\u0131n da \u00f6nemli \u00f6l\u00e7\u00fcde azalt\u0131lmas\u0131 hedefleniyor.<br \/><\/p>\n","protected":false},"excerpt":{"rendered":"<p>\u0130zmir\u2019in sa\u011fl\u0131k altyap\u0131s\u0131n\u0131 g\u00fc\u00e7lendirecek \u00f6nemli yat\u0131r\u0131mlardan biri olan 75 yatakl\u0131 yeni Dikili Devlet Hastanesi hizmete a\u00e7\u0131ld\u0131. Modern mimarisi ve donan\u0131m\u0131yla dikkat \u00e7eken yeni hastane, Dikili ve \u00e7evre il\u00e7elerde ya\u015fayan vatanda\u015flara daha nitelikli ve kapsaml\u0131 sa\u011fl\u0131k hizmeti sunacak. Toplam 15 bin 10 metrekare a\u00e7\u0131k alan, 3 bin 969 metre kare kapal\u0131 alan \u00fczerine kurulan ve 4&#8230;<\/p>\n","protected":false},"author":1,"featured_media":93136,"comment_status":"open","ping_status":"open","sticky":false,"template":"","format":"standard","meta":{"_crdt_document":"","footnotes":""},"categories":[2],"tags":[],"class_list":["post-93135","post","type-post","status-publish","format-standard","has-post-thumbnail","hentry","category-saglik"],"_links":{"self":[{"href":"https:\/\/www.egemtv.com\/index.php?rest_route=\/wp\/v2\/posts\/93135","targetHints":{"allow":["GET"]}}],"collection":[{"href":"https:\/\/www.egemtv.com\/index.php?rest_route=\/wp\/v2\/posts"}],"about":[{"href":"https:\/\/www.egemtv.com\/index.php?rest_route=\/wp\/v2\/types\/post"}],"author":[{"embeddable":true,"href":"https:\/\/www.egemtv.com\/index.php?rest_route=\/wp\/v2\/users\/1"}],"replies":[{"embeddable":true,"href":"https:\/\/www.egemtv.com\/index.php?rest_route=%2Fwp%2Fv2%2Fcomments&post=93135"}],"version-history":[{"count":1,"href":"https:\/\/www.egemtv.com\/index.php?rest_route=\/wp\/v2\/posts\/93135\/revisions"}],"predecessor-version":[{"id":93137,"href":"https:\/\/www.egemtv.com\/index.php?rest_route=\/wp\/v2\/posts\/93135\/revisions\/93137"}],"wp:featuredmedia":[{"embeddable":true,"href":"https:\/\/www.egemtv.com\/index.php?rest_route=\/wp\/v2\/media\/93136"}],"wp:attachment":[{"href":"https:\/\/www.egemtv.com\/index.php?rest_route=%2Fwp%2Fv2%2Fmedia&parent=93135"}],"wp:term":[{"taxonomy":"category","embeddable":true,"href":"https:\/\/www.egemtv.com\/index.php?rest_route=%2Fwp%2Fv2%2Fcategories&post=93135"},{"taxonomy":"post_tag","embeddable":true,"href":"https:\/\/www.egemtv.com\/index.php?rest_route=%2Fwp%2Fv2%2Ftags&post=93135"}],"curies":[{"name":"wp","href":"https:\/\/api.w.org\/{rel}","templated":true}]}}