{"id":93132,"date":"2026-03-10T10:14:47","date_gmt":"2026-03-10T07:14:47","guid":{"rendered":"https:\/\/www.egemtv.com\/?p=93132"},"modified":"2026-03-10T10:14:48","modified_gmt":"2026-03-10T07:14:48","slug":"mentesede-geleneksel-miras-genclerin-elinde-canlaniyor","status":"publish","type":"post","link":"https:\/\/www.egemtv.com\/?p=93132","title":{"rendered":"Mente\u015fe\u2019de geleneksel miras gen\u00e7lerin elinde canlan\u0131yor"},"content":{"rendered":"<p>Mente\u015fe Gen\u00e7lik ve Spor \u0130l\u00e7e M\u00fcd\u00fcrl\u00fc\u011f\u00fc b\u00fcnyesinde faaliyet g\u00f6steren Uluslararas\u0131 Gen\u00e7lik Merkezi, anlaml\u0131 bir projeye imza at\u0131yor. Merkezin g\u00f6n\u00fcll\u00fc gen\u00e7lerinden olu\u015fan tiyatro ekibi, \u2019Hacivat Karag\u00f6z Okullarda\u2019 program\u0131 kapsam\u0131nda geleneksel g\u00f6lge oyununu yeni nesille bulu\u015fturuyor.<\/p>\n<p>Osmanl\u0131 d\u00f6neminden g\u00fcn\u00fcm\u00fcze uzanan en k\u00f6kl\u00fc k\u00fclt\u00fcrel miraslar\u0131m\u0131zdan biri olan Hacivat ve Karag\u00f6z, Mente\u015fe\u2019deki ilkokul ve ortaokullarda perde a\u00e7\u0131yor. G\u00f6n\u00fcll\u00fc gen\u00e7lerin b\u00fcy\u00fck bir \u00f6zveriyle haz\u0131rlad\u0131\u011f\u0131 g\u00f6steriler, e\u011flenceli diyaloglar\u0131 ve \u00f6\u011fretici mesajlar\u0131yla \u00f6\u011frencilerden tam not al\u0131yor. Sahnelenen oyunlarda sadece e\u011flence de\u011fil, ayn\u0131 zamanda toplumun temel ta\u015flar\u0131 olan; dostluk, sayg\u0131, d\u00fcr\u00fcstl\u00fck ve yard\u0131mla\u015fma gibi de\u011ferler mizahi bir \u00fcslupla \u00e7ocuklara aktar\u0131l\u0131yor. Gen\u00e7lerin performans\u0131, \u00f6\u011frencilere hem geleneksel T\u00fcrk tiyatrosunu tan\u0131t\u0131yor hem de \u00f6nemli hayat derslerini keyifli bir \u015fekilde sunuyor.<\/p>\n<p>Projenin her a\u015famas\u0131nda aktif rol alan Uluslararas\u0131 Gen\u00e7lik Merkezi g\u00f6n\u00fcll\u00fcleri; sahne kurulumundan tasvirlerin (fig\u00fcrlerin) haz\u0131rlanmas\u0131na kadar t\u00fcm s\u00fcreci kendileri y\u00fcr\u00fct\u00fcyor. Bu s\u00fcre\u00e7, gen\u00e7lerin sadece k\u00fclt\u00fcrel bir g\u00f6revi yerine getirmesini sa\u011flam\u0131yor, ayn\u0131 zamanda onlar\u0131n \u00f6zg\u00fcven, hitabet ve ekip \u00e7al\u0131\u015fmas\u0131 gibi ki\u015fisel becerilerini de geli\u015ftiriyor.<\/p>\n<p>Ziyaret edilen okullarda \u00f6\u011fretmenler ve idareciler, k\u00fclt\u00fcrel de\u011ferlerin erken ya\u015fta \u00e7ocuklara a\u015f\u0131lanmas\u0131n\u0131n \u00f6nemine vurgu yaparak projeden duyduklar\u0131 memnuniyeti dile getirdi. Uluslararas\u0131 Gen\u00e7lik Merkezi yetkilileri ise yapt\u0131klar\u0131 a\u00e7\u0131klamada, &#8220;Gen\u00e7lerimizin g\u00f6n\u00fcll\u00fcl\u00fck bilinciyle haz\u0131rlad\u0131\u011f\u0131 bu projeler, k\u00fclt\u00fcrel miras\u0131m\u0131z\u0131 gelece\u011fe ta\u015f\u0131mak ad\u0131na \u00e7ok k\u0131ymetli. Geleneksel de\u011ferlerimiz, gen\u00e7lerimizin enerjisiyle Mente\u015fe\u2019de yeniden hayat bulmaya devam edecek&#8221; ifadelerine yer verdi.<\/p>\n<p>\u2019Hacivat Karag\u00f6z Okullarda\u2019 program\u0131, Mente\u015fe genelindeki farkl\u0131 okullarda perdesini a\u00e7maya ve \u00e7ocuklar\u0131n y\u00fcz\u00fcn\u00fc g\u00fcld\u00fcrmeye devam edecek.<br \/><\/p>\n","protected":false},"excerpt":{"rendered":"<p>Mente\u015fe Gen\u00e7lik ve Spor \u0130l\u00e7e M\u00fcd\u00fcrl\u00fc\u011f\u00fc b\u00fcnyesinde faaliyet g\u00f6steren Uluslararas\u0131 Gen\u00e7lik Merkezi, anlaml\u0131 bir projeye imza at\u0131yor. Merkezin g\u00f6n\u00fcll\u00fc gen\u00e7lerinden olu\u015fan tiyatro ekibi, \u2019Hacivat Karag\u00f6z Okullarda\u2019 program\u0131 kapsam\u0131nda geleneksel g\u00f6lge oyununu yeni nesille bulu\u015fturuyor. Osmanl\u0131 d\u00f6neminden g\u00fcn\u00fcm\u00fcze uzanan en k\u00f6kl\u00fc k\u00fclt\u00fcrel miraslar\u0131m\u0131zdan biri olan Hacivat ve Karag\u00f6z, Mente\u015fe\u2019deki ilkokul ve ortaokullarda perde a\u00e7\u0131yor. G\u00f6n\u00fcll\u00fc gen\u00e7lerin&#8230;<\/p>\n","protected":false},"author":1,"featured_media":93133,"comment_status":"open","ping_status":"open","sticky":false,"template":"","format":"standard","meta":{"_crdt_document":"","footnotes":""},"categories":[1],"tags":[],"class_list":["post-93132","post","type-post","status-publish","format-standard","has-post-thumbnail","hentry","category-guncel"],"_links":{"self":[{"href":"https:\/\/www.egemtv.com\/index.php?rest_route=\/wp\/v2\/posts\/93132","targetHints":{"allow":["GET"]}}],"collection":[{"href":"https:\/\/www.egemtv.com\/index.php?rest_route=\/wp\/v2\/posts"}],"about":[{"href":"https:\/\/www.egemtv.com\/index.php?rest_route=\/wp\/v2\/types\/post"}],"author":[{"embeddable":true,"href":"https:\/\/www.egemtv.com\/index.php?rest_route=\/wp\/v2\/users\/1"}],"replies":[{"embeddable":true,"href":"https:\/\/www.egemtv.com\/index.php?rest_route=%2Fwp%2Fv2%2Fcomments&post=93132"}],"version-history":[{"count":1,"href":"https:\/\/www.egemtv.com\/index.php?rest_route=\/wp\/v2\/posts\/93132\/revisions"}],"predecessor-version":[{"id":93134,"href":"https:\/\/www.egemtv.com\/index.php?rest_route=\/wp\/v2\/posts\/93132\/revisions\/93134"}],"wp:featuredmedia":[{"embeddable":true,"href":"https:\/\/www.egemtv.com\/index.php?rest_route=\/wp\/v2\/media\/93133"}],"wp:attachment":[{"href":"https:\/\/www.egemtv.com\/index.php?rest_route=%2Fwp%2Fv2%2Fmedia&parent=93132"}],"wp:term":[{"taxonomy":"category","embeddable":true,"href":"https:\/\/www.egemtv.com\/index.php?rest_route=%2Fwp%2Fv2%2Fcategories&post=93132"},{"taxonomy":"post_tag","embeddable":true,"href":"https:\/\/www.egemtv.com\/index.php?rest_route=%2Fwp%2Fv2%2Ftags&post=93132"}],"curies":[{"name":"wp","href":"https:\/\/api.w.org\/{rel}","templated":true}]}}