{"id":93129,"date":"2026-03-10T09:54:52","date_gmt":"2026-03-10T06:54:52","guid":{"rendered":"https:\/\/www.egemtv.com\/?p=93129"},"modified":"2026-03-10T09:54:54","modified_gmt":"2026-03-10T06:54:54","slug":"buharkentte-cocuklar-hacivat-ve-karagoz-ile-bulusacak","status":"publish","type":"post","link":"https:\/\/www.egemtv.com\/?p=93129","title":{"rendered":"Buharkent\u2019te \u00e7ocuklar Hacivat ve Karag\u00f6z ile bulu\u015facak"},"content":{"rendered":"<p>Ayd\u0131n\u2019\u0131n Buharkent il\u00e7esinde 11 Mart \u00c7ar\u015famba g\u00fcn\u00fc iftar program\u0131n\u0131n ard\u0131ndan \u00e7ocuklara y\u00f6nelik Hacivat ve Karag\u00f6z m\u00fczikli \u00e7ocuk tiyatrosu sahnelenecek.<\/p>\n<p>Ayd\u0131n\u2019\u0131n Buharkent il\u00e7esinde \u00e7ocuklar i\u00e7in k\u00fclt\u00fcrel bir etkinlik d\u00fczenlenecek. Buharkent Belediyesi i\u015fbirli\u011fiyle Ayd\u0131n B\u00fcy\u00fck\u015fehir Belediyesi taraf\u0131ndan Kapal\u0131 Pazaryeri\u2019nde ger\u00e7ekle\u015ftirilecek iftar program\u0131n\u0131n ard\u0131ndan \u00e7ocuklara y\u00f6nelik &#8220;Hacivat ve Karag\u00f6z M\u00fczikli \u00c7ocuk Tiyatrosu&#8221; etkinli\u011fi d\u00fczenleyecek. Buharkent Belediye Ba\u015fkan\u0131 Mehmet Erol, sosyal medya hesab\u0131ndan yapt\u0131\u011f\u0131 payla\u015f\u0131mda t\u00fcm vatanda\u015flar\u0131 etkinli\u011fe davet etti.<\/p>\n<p>Ba\u015fkan Erol, 11 Mart \u00c7ar\u015famba g\u00fcn\u00fc Kapal\u0131 Pazaryeri\u2019nde d\u00fczenlenecek iftar program\u0131n\u0131n ard\u0131ndan saat 19.45\u2019te ba\u015flayacak tiyatro etkinli\u011finde \u00e7ocuklar\u0131n geleneksel T\u00fcrk g\u00f6lge oyunu Hacivat ve Karag\u00f6z ile keyifli vakit ge\u00e7irece\u011fini belirtti. Etkinli\u011fin ailelerin de kat\u0131l\u0131m\u0131yla Ramazan ak\u015fam\u0131na renk katmas\u0131n\u0131n beklendi\u011fini ifade eden Ba\u015fkan Erol; &#8220;Ayd\u0131n B\u00fcy\u00fck\u015fehir Belediyemiz taraf\u0131ndan Kapal\u0131 Pazaryerimizde d\u00fczenlenecek iftar program\u0131n\u0131n hemen ard\u0131ndan Buharkent Belediyesi olarak \u00e7ocuklar\u0131m\u0131z i\u00e7in Hacivat ve Karag\u00f6z M\u00fczikli \u00c7ocuk Tiyatrosu etkinli\u011fimizi ger\u00e7ekle\u015ftirece\u011fiz. Kapal\u0131 Pazaryerimizde d\u00fczenlenecek iftar program\u0131na ve tiyatro etkinli\u011fimize t\u00fcm hem\u015fehrilerimizi ve \u00e7ocuklar\u0131m\u0131z\u0131 davet ediyorum&#8221; dedi.<br \/><\/p>\n","protected":false},"excerpt":{"rendered":"<p>Ayd\u0131n\u2019\u0131n Buharkent il\u00e7esinde 11 Mart \u00c7ar\u015famba g\u00fcn\u00fc iftar program\u0131n\u0131n ard\u0131ndan \u00e7ocuklara y\u00f6nelik Hacivat ve Karag\u00f6z m\u00fczikli \u00e7ocuk tiyatrosu sahnelenecek. Ayd\u0131n\u2019\u0131n Buharkent il\u00e7esinde \u00e7ocuklar i\u00e7in k\u00fclt\u00fcrel bir etkinlik d\u00fczenlenecek. Buharkent Belediyesi i\u015fbirli\u011fiyle Ayd\u0131n B\u00fcy\u00fck\u015fehir Belediyesi taraf\u0131ndan Kapal\u0131 Pazaryeri\u2019nde ger\u00e7ekle\u015ftirilecek iftar program\u0131n\u0131n ard\u0131ndan \u00e7ocuklara y\u00f6nelik &#8220;Hacivat ve Karag\u00f6z M\u00fczikli \u00c7ocuk Tiyatrosu&#8221; etkinli\u011fi d\u00fczenleyecek. Buharkent Belediye Ba\u015fkan\u0131 Mehmet&#8230;<\/p>\n","protected":false},"author":1,"featured_media":93130,"comment_status":"open","ping_status":"open","sticky":false,"template":"","format":"standard","meta":{"_crdt_document":"","footnotes":""},"categories":[1],"tags":[],"class_list":["post-93129","post","type-post","status-publish","format-standard","has-post-thumbnail","hentry","category-guncel"],"_links":{"self":[{"href":"https:\/\/www.egemtv.com\/index.php?rest_route=\/wp\/v2\/posts\/93129","targetHints":{"allow":["GET"]}}],"collection":[{"href":"https:\/\/www.egemtv.com\/index.php?rest_route=\/wp\/v2\/posts"}],"about":[{"href":"https:\/\/www.egemtv.com\/index.php?rest_route=\/wp\/v2\/types\/post"}],"author":[{"embeddable":true,"href":"https:\/\/www.egemtv.com\/index.php?rest_route=\/wp\/v2\/users\/1"}],"replies":[{"embeddable":true,"href":"https:\/\/www.egemtv.com\/index.php?rest_route=%2Fwp%2Fv2%2Fcomments&post=93129"}],"version-history":[{"count":1,"href":"https:\/\/www.egemtv.com\/index.php?rest_route=\/wp\/v2\/posts\/93129\/revisions"}],"predecessor-version":[{"id":93131,"href":"https:\/\/www.egemtv.com\/index.php?rest_route=\/wp\/v2\/posts\/93129\/revisions\/93131"}],"wp:featuredmedia":[{"embeddable":true,"href":"https:\/\/www.egemtv.com\/index.php?rest_route=\/wp\/v2\/media\/93130"}],"wp:attachment":[{"href":"https:\/\/www.egemtv.com\/index.php?rest_route=%2Fwp%2Fv2%2Fmedia&parent=93129"}],"wp:term":[{"taxonomy":"category","embeddable":true,"href":"https:\/\/www.egemtv.com\/index.php?rest_route=%2Fwp%2Fv2%2Fcategories&post=93129"},{"taxonomy":"post_tag","embeddable":true,"href":"https:\/\/www.egemtv.com\/index.php?rest_route=%2Fwp%2Fv2%2Ftags&post=93129"}],"curies":[{"name":"wp","href":"https:\/\/api.w.org\/{rel}","templated":true}]}}