{"id":93126,"date":"2026-03-10T09:54:51","date_gmt":"2026-03-10T06:54:51","guid":{"rendered":"https:\/\/www.egemtv.com\/?p=93126"},"modified":"2026-03-10T09:54:52","modified_gmt":"2026-03-10T06:54:52","slug":"ortaklar-fen-lisesi-ogrencileri-viyanada-uluslararasi-deneyim-kazandi","status":"publish","type":"post","link":"https:\/\/www.egemtv.com\/?p=93126","title":{"rendered":"Ortaklar Fen Lisesi \u00f6\u011frencileri Viyana\u2019da uluslararas\u0131 deneyim kazand\u0131"},"content":{"rendered":"<p>Ayd\u0131n\u2019\u0131n Germencik il\u00e7esinde bulunan Ortaklar Fen Lisesi \u00f6\u011frencileri, Erasmus+ Okul E\u011fitimi Akreditasyonu kapsam\u0131nda Avusturya\u2019n\u0131n Viyana \u015fehrinde ger\u00e7ekle\u015ftirilen \u00f6\u011frenci grup hareketlili\u011fi program\u0131na kat\u0131ld\u0131.<\/p>\n<p>Erasmus+ Okul E\u011fitimi Akreditasyonu projesi kapsam\u0131nda Ortaklar Fen Lisesi \u00f6\u011frencileri, \u0130ngilizce \u00f6\u011fretmeni Tu\u011fba Erman rehberli\u011finde Avusturya\u2019n\u0131n ba\u015fkenti Viyana\u2019da d\u00fczenlenen \u00f6\u011frenci grup hareketlili\u011fine kat\u0131ld\u0131. Program kapsam\u0131nda \u00f6\u011frenciler, farkl\u0131 \u00fclkelerden akranlar\u0131yla bir araya gelerek uluslararas\u0131 bir \u00f6\u011frenme ortam\u0131 deneyimleme f\u0131rsat\u0131 buldu. \u00d6\u011frenciler, k\u00fclt\u00fcrel etkile\u015fimde bulunurken yabanc\u0131 dil becerilerini geli\u015ftirme ve farkl\u0131 e\u011fitim sistemlerini yak\u0131ndan tan\u0131ma imkan\u0131 elde etti. Viyana\u2019daki program s\u00fcresince \u00f6\u011frenciler \u015fehrin \u00f6nemli k\u00fclt\u00fcrel ve bilimsel merkezlerini de ziyaret etti. Bu kapsamda Viyana Teknik M\u00fczesi, Viyana Do\u011fa Tarihi M\u00fczesi, Viyana Devlet Operas\u0131, Viyana Sanat Tarihi M\u00fczesi, D\u00fcnya K\u00fclt\u00fcrleri M\u00fczesi, Belvedere Saray\u0131, Sch\u00f6nbrunn Saray\u0131, Hofburg \u0130mparatorluk Saray\u0131 ve Avusturya Parlamento Binas\u0131 gezildi. Ger\u00e7ekle\u015ftirilen hareketlilik sayesinde \u00f6\u011frencilerin Avrupa k\u00fclt\u00fcr\u00fc, tarihi ve bilimi hakk\u0131nda yerinde g\u00f6zlem yapmalar\u0131 sa\u011flan\u0131rken, program\u0131n \u00f6\u011frencilere akademik ve k\u00fclt\u00fcrel a\u00e7\u0131dan \u00f6nemli bir uluslararas\u0131 deneyim kazand\u0131rd\u0131\u011f\u0131 ifade edildi. Ortaklar Fen Lisesi\u2019nden yap\u0131lan a\u00e7\u0131klamada, \u00f6\u011frencileri uluslararas\u0131 projelerle bulu\u015fturmaya ve onlar\u0131 k\u00fcresel d\u00fcnyaya haz\u0131rlamaya y\u00f6nelik \u00e7al\u0131\u015fmalar\u0131n devam edece\u011fi belirtildi.<br \/><\/p>\n","protected":false},"excerpt":{"rendered":"<p>Ayd\u0131n\u2019\u0131n Germencik il\u00e7esinde bulunan Ortaklar Fen Lisesi \u00f6\u011frencileri, Erasmus+ Okul E\u011fitimi Akreditasyonu kapsam\u0131nda Avusturya\u2019n\u0131n Viyana \u015fehrinde ger\u00e7ekle\u015ftirilen \u00f6\u011frenci grup hareketlili\u011fi program\u0131na kat\u0131ld\u0131. Erasmus+ Okul E\u011fitimi Akreditasyonu projesi kapsam\u0131nda Ortaklar Fen Lisesi \u00f6\u011frencileri, \u0130ngilizce \u00f6\u011fretmeni Tu\u011fba Erman rehberli\u011finde Avusturya\u2019n\u0131n ba\u015fkenti Viyana\u2019da d\u00fczenlenen \u00f6\u011frenci grup hareketlili\u011fine kat\u0131ld\u0131. Program kapsam\u0131nda \u00f6\u011frenciler, farkl\u0131 \u00fclkelerden akranlar\u0131yla bir araya gelerek uluslararas\u0131&#8230;<\/p>\n","protected":false},"author":1,"featured_media":93127,"comment_status":"open","ping_status":"open","sticky":false,"template":"","format":"standard","meta":{"_crdt_document":"","footnotes":""},"categories":[1],"tags":[],"class_list":["post-93126","post","type-post","status-publish","format-standard","has-post-thumbnail","hentry","category-guncel"],"_links":{"self":[{"href":"https:\/\/www.egemtv.com\/index.php?rest_route=\/wp\/v2\/posts\/93126","targetHints":{"allow":["GET"]}}],"collection":[{"href":"https:\/\/www.egemtv.com\/index.php?rest_route=\/wp\/v2\/posts"}],"about":[{"href":"https:\/\/www.egemtv.com\/index.php?rest_route=\/wp\/v2\/types\/post"}],"author":[{"embeddable":true,"href":"https:\/\/www.egemtv.com\/index.php?rest_route=\/wp\/v2\/users\/1"}],"replies":[{"embeddable":true,"href":"https:\/\/www.egemtv.com\/index.php?rest_route=%2Fwp%2Fv2%2Fcomments&post=93126"}],"version-history":[{"count":1,"href":"https:\/\/www.egemtv.com\/index.php?rest_route=\/wp\/v2\/posts\/93126\/revisions"}],"predecessor-version":[{"id":93128,"href":"https:\/\/www.egemtv.com\/index.php?rest_route=\/wp\/v2\/posts\/93126\/revisions\/93128"}],"wp:featuredmedia":[{"embeddable":true,"href":"https:\/\/www.egemtv.com\/index.php?rest_route=\/wp\/v2\/media\/93127"}],"wp:attachment":[{"href":"https:\/\/www.egemtv.com\/index.php?rest_route=%2Fwp%2Fv2%2Fmedia&parent=93126"}],"wp:term":[{"taxonomy":"category","embeddable":true,"href":"https:\/\/www.egemtv.com\/index.php?rest_route=%2Fwp%2Fv2%2Fcategories&post=93126"},{"taxonomy":"post_tag","embeddable":true,"href":"https:\/\/www.egemtv.com\/index.php?rest_route=%2Fwp%2Fv2%2Ftags&post=93126"}],"curies":[{"name":"wp","href":"https:\/\/api.w.org\/{rel}","templated":true}]}}