{"id":93123,"date":"2026-03-10T09:54:50","date_gmt":"2026-03-10T06:54:50","guid":{"rendered":"https:\/\/www.egemtv.com\/?p=93123"},"modified":"2026-03-10T09:54:51","modified_gmt":"2026-03-10T06:54:51","slug":"baskan-dere-civrilli-muhtarlarla-iftar-sofrasinda-bulustu","status":"publish","type":"post","link":"https:\/\/www.egemtv.com\/?p=93123","title":{"rendered":"Ba\u015fkan Dere, \u00c7ivrilli muhtarlarla iftar sofras\u0131nda bulu\u015ftu"},"content":{"rendered":"<p>\u00c7ivril Belediye Ba\u015fkan\u0131 Semih Dere, Ramazan ay\u0131 dolay\u0131s\u0131yla d\u00fczenlenen iftar program\u0131nda mahalle muhtarlar\u0131 ve aileleriyle bir araya gelerek birlik ve beraberlik mesaj\u0131 verdi.<\/p>\n<p>\u00c7ivril Belediyesi taraf\u0131ndan Ramazan ay\u0131 dolay\u0131s\u0131yla d\u00fczenlenen iftar program\u0131, Haydan K\u00fclt\u00fcr Merkezi\u2019nde ger\u00e7ekle\u015ftirildi. Programa il\u00e7edeki 77 mahalle muhtar\u0131 aileleriyle birlikte kat\u0131ld\u0131. \u0130ftar program\u0131nda konu\u015fan \u00c7ivril Belediye Ba\u015fkan\u0131 Semih Dere, muhtarlar\u0131n vatanda\u015flarla belediye aras\u0131nda \u00f6nemli bir k\u00f6pr\u00fc g\u00f6revi \u00fcstlendi\u011fini vurgulayarak, Ramazan ay\u0131n\u0131n bereketini hep birlikte payla\u015fmaktan duydu\u011fu memnuniyeti dile getirdi. Dere, muhtarlar\u0131n mahallelerin g\u00f6z\u00fc, kula\u011f\u0131 ve sesi oldu\u011funu belirterek vatanda\u015flar\u0131n taleplerinin ilk olarak muhtarlar arac\u0131l\u0131\u011f\u0131yla kendilerine ula\u015ft\u0131\u011f\u0131n\u0131 ifade etti.<\/p>\n<p>Mahallelerdeki sorunlar\u0131 birlik ve beraberlik i\u00e7inde \u00e7\u00f6zmeye gayret ettiklerini belirten Ba\u015fkan Dere, il\u00e7enin t\u00fcm mahallelerine hizmet g\u00f6t\u00fcrme noktas\u0131nda muhtarlarla birlikte \u00e7al\u0131\u015fmaya devam edeceklerini s\u00f6yledi. Yakla\u015f\u0131k iki y\u0131ld\u0131r g\u00fc\u00e7l\u00fc bir dayan\u0131\u015fma ve ortak ak\u0131l anlay\u0131\u015f\u0131yla \u00f6nemli \u00e7al\u0131\u015fmalar y\u00fcr\u00fctt\u00fcklerini dile getiren Dere, isti\u015fare k\u00fclt\u00fcr\u00fcyle il\u00e7enin meselelerini \u00e7\u00f6zmeye devam edeceklerini kaydetti.<br \/>\n<br \/>Program\u0131n sonunda Ba\u015fkan Dere, davete kat\u0131lan t\u00fcm muhtarlara ve ailelerine te\u015fekk\u00fcr ederek Ramazan ay\u0131n\u0131n birlik ve beraberli\u011fi daha da g\u00fc\u00e7lendirmesi temennisinde bulundu.<br \/><\/p>\n","protected":false},"excerpt":{"rendered":"<p>\u00c7ivril Belediye Ba\u015fkan\u0131 Semih Dere, Ramazan ay\u0131 dolay\u0131s\u0131yla d\u00fczenlenen iftar program\u0131nda mahalle muhtarlar\u0131 ve aileleriyle bir araya gelerek birlik ve beraberlik mesaj\u0131 verdi. \u00c7ivril Belediyesi taraf\u0131ndan Ramazan ay\u0131 dolay\u0131s\u0131yla d\u00fczenlenen iftar program\u0131, Haydan K\u00fclt\u00fcr Merkezi\u2019nde ger\u00e7ekle\u015ftirildi. Programa il\u00e7edeki 77 mahalle muhtar\u0131 aileleriyle birlikte kat\u0131ld\u0131. \u0130ftar program\u0131nda konu\u015fan \u00c7ivril Belediye Ba\u015fkan\u0131 Semih Dere, muhtarlar\u0131n vatanda\u015flarla belediye&#8230;<\/p>\n","protected":false},"author":1,"featured_media":93124,"comment_status":"open","ping_status":"open","sticky":false,"template":"","format":"standard","meta":{"_crdt_document":"","footnotes":""},"categories":[1],"tags":[],"class_list":["post-93123","post","type-post","status-publish","format-standard","has-post-thumbnail","hentry","category-guncel"],"_links":{"self":[{"href":"https:\/\/www.egemtv.com\/index.php?rest_route=\/wp\/v2\/posts\/93123","targetHints":{"allow":["GET"]}}],"collection":[{"href":"https:\/\/www.egemtv.com\/index.php?rest_route=\/wp\/v2\/posts"}],"about":[{"href":"https:\/\/www.egemtv.com\/index.php?rest_route=\/wp\/v2\/types\/post"}],"author":[{"embeddable":true,"href":"https:\/\/www.egemtv.com\/index.php?rest_route=\/wp\/v2\/users\/1"}],"replies":[{"embeddable":true,"href":"https:\/\/www.egemtv.com\/index.php?rest_route=%2Fwp%2Fv2%2Fcomments&post=93123"}],"version-history":[{"count":1,"href":"https:\/\/www.egemtv.com\/index.php?rest_route=\/wp\/v2\/posts\/93123\/revisions"}],"predecessor-version":[{"id":93125,"href":"https:\/\/www.egemtv.com\/index.php?rest_route=\/wp\/v2\/posts\/93123\/revisions\/93125"}],"wp:featuredmedia":[{"embeddable":true,"href":"https:\/\/www.egemtv.com\/index.php?rest_route=\/wp\/v2\/media\/93124"}],"wp:attachment":[{"href":"https:\/\/www.egemtv.com\/index.php?rest_route=%2Fwp%2Fv2%2Fmedia&parent=93123"}],"wp:term":[{"taxonomy":"category","embeddable":true,"href":"https:\/\/www.egemtv.com\/index.php?rest_route=%2Fwp%2Fv2%2Fcategories&post=93123"},{"taxonomy":"post_tag","embeddable":true,"href":"https:\/\/www.egemtv.com\/index.php?rest_route=%2Fwp%2Fv2%2Ftags&post=93123"}],"curies":[{"name":"wp","href":"https:\/\/api.w.org\/{rel}","templated":true}]}}