{"id":93120,"date":"2026-03-10T09:54:48","date_gmt":"2026-03-10T06:54:48","guid":{"rendered":"https:\/\/www.egemtv.com\/?p=93120"},"modified":"2026-03-10T09:54:49","modified_gmt":"2026-03-10T06:54:49","slug":"camelinde-ramazanin-bereketi-yaylapinarda-paylasildi","status":"publish","type":"post","link":"https:\/\/www.egemtv.com\/?p=93120","title":{"rendered":"\u00c7ameli\u2019nde Ramazan\u2019\u0131n bereketi Yaylap\u0131nar\u2019da payla\u015f\u0131ld\u0131"},"content":{"rendered":"<p>\u00c7ameli Belediyesinin katk\u0131ylar\u0131yla Yaylap\u0131nar Mahallesi\u2019nde verilen iftar yeme\u011finde t\u00fcm mahalle ayn\u0131 sofrada bulu\u015ftu. Onlarca vatanda\u015f Ramazan ay\u0131n\u0131n birlik ve beraberlik ruhunu payla\u015ft\u0131.<\/p>\n<p>Yaylap\u0131nar Mahallesi\u2019nde, \u00c7ameli Belediyesinin katk\u0131lar\u0131yla kurulan iftar sofras\u0131nda vatanda\u015flar Ramazan ay\u0131n\u0131n bereketini birlikte ya\u015fad\u0131. Mahallede d\u00fczenlenen programda ayn\u0131 sofrada bulu\u015fman\u0131n huzuru payla\u015f\u0131l\u0131rken edilen dualar birlik ve beraberlik duygular\u0131n\u0131 peki\u015ftirdi. Programa, \u00c7ameli Belediye Ba\u015fkan\u0131 Cengiz Arslan, AK Parti \u00c7ameli \u0130l\u00e7e Ba\u015fkan\u0131 Cengiz Y\u0131lmaz, MHP \u00c7ameli \u0130l\u00e7e Ba\u015fkan\u0131 Murat Gen\u00e7, \u00c7ameli Orman \u0130\u015fletme M\u00fcd\u00fcr\u00fc Erol G\u00fcner ile belediye meclis \u00fcyeleri kat\u0131ld\u0131. \u00c7ameli Belediyesi taraf\u0131ndan yap\u0131lan a\u00e7\u0131klamada, \u0130ftar program\u0131n\u0131n ev sahipli\u011fini yapan Mehmet \u00d6zcan\u2019a te\u015fekk\u00fcr edilirken, iftar sofras\u0131na kat\u0131lan mahalle sakinlerine de \u015f\u00fckranlar\u0131n sunuldu\u011fu ifade edildi. Ramazan ay\u0131n\u0131n manevi atmosferinde ger\u00e7ekle\u015fen bulu\u015fma, mahallede birlik ve dayan\u0131\u015fma mesajlar\u0131yla sona erdi.<br \/><\/p>\n","protected":false},"excerpt":{"rendered":"<p>\u00c7ameli Belediyesinin katk\u0131ylar\u0131yla Yaylap\u0131nar Mahallesi\u2019nde verilen iftar yeme\u011finde t\u00fcm mahalle ayn\u0131 sofrada bulu\u015ftu. Onlarca vatanda\u015f Ramazan ay\u0131n\u0131n birlik ve beraberlik ruhunu payla\u015ft\u0131. Yaylap\u0131nar Mahallesi\u2019nde, \u00c7ameli Belediyesinin katk\u0131lar\u0131yla kurulan iftar sofras\u0131nda vatanda\u015flar Ramazan ay\u0131n\u0131n bereketini birlikte ya\u015fad\u0131. Mahallede d\u00fczenlenen programda ayn\u0131 sofrada bulu\u015fman\u0131n huzuru payla\u015f\u0131l\u0131rken edilen dualar birlik ve beraberlik duygular\u0131n\u0131 peki\u015ftirdi. Programa, \u00c7ameli Belediye Ba\u015fkan\u0131&#8230;<\/p>\n","protected":false},"author":1,"featured_media":93121,"comment_status":"open","ping_status":"open","sticky":false,"template":"","format":"standard","meta":{"_crdt_document":"","footnotes":""},"categories":[1],"tags":[],"class_list":["post-93120","post","type-post","status-publish","format-standard","has-post-thumbnail","hentry","category-guncel"],"_links":{"self":[{"href":"https:\/\/www.egemtv.com\/index.php?rest_route=\/wp\/v2\/posts\/93120","targetHints":{"allow":["GET"]}}],"collection":[{"href":"https:\/\/www.egemtv.com\/index.php?rest_route=\/wp\/v2\/posts"}],"about":[{"href":"https:\/\/www.egemtv.com\/index.php?rest_route=\/wp\/v2\/types\/post"}],"author":[{"embeddable":true,"href":"https:\/\/www.egemtv.com\/index.php?rest_route=\/wp\/v2\/users\/1"}],"replies":[{"embeddable":true,"href":"https:\/\/www.egemtv.com\/index.php?rest_route=%2Fwp%2Fv2%2Fcomments&post=93120"}],"version-history":[{"count":1,"href":"https:\/\/www.egemtv.com\/index.php?rest_route=\/wp\/v2\/posts\/93120\/revisions"}],"predecessor-version":[{"id":93122,"href":"https:\/\/www.egemtv.com\/index.php?rest_route=\/wp\/v2\/posts\/93120\/revisions\/93122"}],"wp:featuredmedia":[{"embeddable":true,"href":"https:\/\/www.egemtv.com\/index.php?rest_route=\/wp\/v2\/media\/93121"}],"wp:attachment":[{"href":"https:\/\/www.egemtv.com\/index.php?rest_route=%2Fwp%2Fv2%2Fmedia&parent=93120"}],"wp:term":[{"taxonomy":"category","embeddable":true,"href":"https:\/\/www.egemtv.com\/index.php?rest_route=%2Fwp%2Fv2%2Fcategories&post=93120"},{"taxonomy":"post_tag","embeddable":true,"href":"https:\/\/www.egemtv.com\/index.php?rest_route=%2Fwp%2Fv2%2Ftags&post=93120"}],"curies":[{"name":"wp","href":"https:\/\/api.w.org\/{rel}","templated":true}]}}