{"id":93114,"date":"2026-03-10T05:54:42","date_gmt":"2026-03-10T02:54:42","guid":{"rendered":"https:\/\/www.egemtv.com\/?p=93114"},"modified":"2026-03-10T05:54:43","modified_gmt":"2026-03-10T02:54:43","slug":"akhisarli-minik-pedallar-muglada-kursuye-damga-vurdu","status":"publish","type":"post","link":"https:\/\/www.egemtv.com\/?p=93114","title":{"rendered":"Akhisarl\u0131 minik pedallar Mu\u011fla\u2019da k\u00fcrs\u00fcye damga vurdu"},"content":{"rendered":"<p>Mu\u011fla\u2019da 5-8 Mart 2026 tarihleri aras\u0131nda d\u00fczenlenen T\u00fcrkiye Kupas\u0131 Puanl\u0131 Yol ve Kriteryum Yar\u0131\u015flar\u0131nda Akhisar \u0130l\u00e7e Spor Kul\u00fcb\u00fcn\u00fcn bisiklet sporcular\u0131 \u00f6nemli dereceler elde ederek b\u00fcy\u00fck ba\u015far\u0131ya imza att\u0131.<br \/>\n<br \/>Mu\u011fla\u2019da d\u00fczenlenen T\u00fcrkiye Kupas\u0131 Puanl\u0131 Yol ve Kriteryum Yar\u0131\u015flar\u0131nda Akhisar \u0130l\u00e7e Spor Kul\u00fcb\u00fc\u2019n\u00fcn gen\u00e7 sporcular\u0131 bir\u00e7ok kategoride k\u00fcrs\u00fcye \u00e7\u0131karak Akhisar\u2019\u0131 gururland\u0131rd\u0131.<br \/>\n<br \/>07 Mart 2026 tarihinde ger\u00e7ekle\u015ftirilen T\u00fcrkiye Kupas\u0131 Puanl\u0131 Yol Yar\u0131\u015flar\u0131nda Akhisar \u0130l\u00e7e Spor Kul\u00fcb\u00fc sporcular\u0131 farkl\u0131 kategorilerde \u00f6nemli dereceler elde etti. U13 Kad\u0131nlar kategorisinde Hilal Kaymaz birinci olurken, Miray Akcan \u00fc\u00e7\u00fcnc\u00fc, Elif Mira \u015eahin ise d\u00f6rd\u00fcnc\u00fc s\u0131rada yer ald\u0131.<br \/>\n<br \/>U11 Kad\u0131nlar kategorisinde Elif Ko\u00e7 birincili\u011fi elde ederken, R\u00fcmeysa Meryem Kaymaz \u00fc\u00e7\u00fcnc\u00fc, Zeynep \u015eahin ise d\u00f6rd\u00fcnc\u00fc oldu. U11 Erkekler kategorisinde ise Deniz Atlas Tekin \u00fc\u00e7\u00fcnc\u00fcl\u00fck derecesi elde etti.<br \/>\n<br \/>08 Mart 2026 tarihinde d\u00fczenlenen T\u00fcrkiye Kupas\u0131 Puanl\u0131 Kriteryum Yar\u0131\u015flar\u0131nda da Akhisarl\u0131 sporcular ba\u015far\u0131lar\u0131n\u0131 s\u00fcrd\u00fcrd\u00fc. U13 Kad\u0131nlar kategorisinde Hilal Kaymaz birinci olurken Miray Akcan d\u00f6rd\u00fcnc\u00fc s\u0131rada yer ald\u0131.<br \/>\n<br \/>U11 Kad\u0131nlar kategorisinde Elif Ko\u00e7 ikinci olurken, Zeynep \u015eahin d\u00f6rd\u00fcnc\u00fc, Meryem R\u00fcmeysa Kaymaz ise be\u015finci s\u0131ray\u0131 ald\u0131. U11 Erkekler kategorisinde Deniz Atlas Tekin \u00fc\u00e7\u00fcnc\u00fc olarak k\u00fcrs\u00fcde yer ald\u0131.<br \/>\n<br \/>Yar\u0131\u015flar\u0131n genel klasman sonu\u00e7lar\u0131na g\u00f6re ise Akhisar \u0130l\u00e7e Spor Kul\u00fcb\u00fc sporcular\u0131 yine \u00f6nemli dereceler elde etti. U13 Kad\u0131nlar genel klasman\u0131nda Hilal Kaymaz birinci, Miray Akcan \u00fc\u00e7\u00fcnc\u00fc, Elif Mira \u015eahin ise be\u015finci oldu.<br \/>\n<br \/>U11 Kad\u0131nlar genel klasman\u0131nda Elif Ko\u00e7 birincili\u011fi kazan\u0131rken, Meryem R\u00fcmeysa Kaymaz \u00fc\u00e7\u00fcnc\u00fc, Zeynep \u015eahin be\u015finci s\u0131rada yer ald\u0131. U11 Erkekler genel klasman\u0131nda ise Deniz Atlas Tekin \u00fc\u00e7\u00fcnc\u00fc olarak yar\u0131\u015flar\u0131 tamamlad\u0131.<br \/><\/p>\n","protected":false},"excerpt":{"rendered":"<p>Mu\u011fla\u2019da 5-8 Mart 2026 tarihleri aras\u0131nda d\u00fczenlenen T\u00fcrkiye Kupas\u0131 Puanl\u0131 Yol ve Kriteryum Yar\u0131\u015flar\u0131nda Akhisar \u0130l\u00e7e Spor Kul\u00fcb\u00fcn\u00fcn bisiklet sporcular\u0131 \u00f6nemli dereceler elde ederek b\u00fcy\u00fck ba\u015far\u0131ya imza att\u0131. Mu\u011fla\u2019da d\u00fczenlenen T\u00fcrkiye Kupas\u0131 Puanl\u0131 Yol ve Kriteryum Yar\u0131\u015flar\u0131nda Akhisar \u0130l\u00e7e Spor Kul\u00fcb\u00fc\u2019n\u00fcn gen\u00e7 sporcular\u0131 bir\u00e7ok kategoride k\u00fcrs\u00fcye \u00e7\u0131karak Akhisar\u2019\u0131 gururland\u0131rd\u0131. 07 Mart 2026 tarihinde ger\u00e7ekle\u015ftirilen T\u00fcrkiye&#8230;<\/p>\n","protected":false},"author":1,"featured_media":93115,"comment_status":"open","ping_status":"open","sticky":false,"template":"","format":"standard","meta":{"_crdt_document":"","footnotes":""},"categories":[4],"tags":[],"class_list":["post-93114","post","type-post","status-publish","format-standard","has-post-thumbnail","hentry","category-spor"],"_links":{"self":[{"href":"https:\/\/www.egemtv.com\/index.php?rest_route=\/wp\/v2\/posts\/93114","targetHints":{"allow":["GET"]}}],"collection":[{"href":"https:\/\/www.egemtv.com\/index.php?rest_route=\/wp\/v2\/posts"}],"about":[{"href":"https:\/\/www.egemtv.com\/index.php?rest_route=\/wp\/v2\/types\/post"}],"author":[{"embeddable":true,"href":"https:\/\/www.egemtv.com\/index.php?rest_route=\/wp\/v2\/users\/1"}],"replies":[{"embeddable":true,"href":"https:\/\/www.egemtv.com\/index.php?rest_route=%2Fwp%2Fv2%2Fcomments&post=93114"}],"version-history":[{"count":1,"href":"https:\/\/www.egemtv.com\/index.php?rest_route=\/wp\/v2\/posts\/93114\/revisions"}],"predecessor-version":[{"id":93116,"href":"https:\/\/www.egemtv.com\/index.php?rest_route=\/wp\/v2\/posts\/93114\/revisions\/93116"}],"wp:featuredmedia":[{"embeddable":true,"href":"https:\/\/www.egemtv.com\/index.php?rest_route=\/wp\/v2\/media\/93115"}],"wp:attachment":[{"href":"https:\/\/www.egemtv.com\/index.php?rest_route=%2Fwp%2Fv2%2Fmedia&parent=93114"}],"wp:term":[{"taxonomy":"category","embeddable":true,"href":"https:\/\/www.egemtv.com\/index.php?rest_route=%2Fwp%2Fv2%2Fcategories&post=93114"},{"taxonomy":"post_tag","embeddable":true,"href":"https:\/\/www.egemtv.com\/index.php?rest_route=%2Fwp%2Fv2%2Ftags&post=93114"}],"curies":[{"name":"wp","href":"https:\/\/api.w.org\/{rel}","templated":true}]}}