{"id":93111,"date":"2026-03-10T05:54:41","date_gmt":"2026-03-10T02:54:41","guid":{"rendered":"https:\/\/www.egemtv.com\/?p=93111"},"modified":"2026-03-10T05:54:42","modified_gmt":"2026-03-10T02:54:42","slug":"baglarda-hastalik-ve-zararli-kontrolu-yapiliyor","status":"publish","type":"post","link":"https:\/\/www.egemtv.com\/?p=93111","title":{"rendered":"Ba\u011flarda hastal\u0131k ve zararl\u0131 kontrol\u00fc yap\u0131l\u0131yor"},"content":{"rendered":"<p>Manisa\u2019n\u0131n Sar\u0131g\u00f6l il\u00e7esinde \u00fcz\u00fcm ba\u011flar\u0131nda fenolojik geli\u015fim, hastal\u0131k ve zararl\u0131lara y\u00f6nelik kontroller s\u00fcr\u00fcyor. \u0130l\u00e7e Tar\u0131m ve Orman M\u00fcd\u00fcrl\u00fc\u011f\u00fc ekipleri taraf\u0131ndan yap\u0131lan incelemelerde \u00fcreticilere \u00f6nemli uyar\u0131larda bulunuldu.<br \/>\n<br \/>Manisa\u2019n\u0131n Sar\u0131g\u00f6l il\u00e7esinde \u0130l\u00e7e Tar\u0131m ve Orman M\u00fcd\u00fcrl\u00fc\u011f\u00fc ekipleri taraf\u0131ndan ba\u011f alanlar\u0131nda fenolojik g\u00f6zlem, hastal\u0131k ve zararl\u0131 kontrolleri ger\u00e7ekle\u015ftirildi. Sar\u0131g\u00f6l Ovas\u0131\u2019ndaki \u00fcz\u00fcm ba\u011flar\u0131n\u0131 tek tek inceleyen ekipler, ba\u011flar\u0131n geli\u015fim s\u00fcrecini takip ederken muhtemel hastal\u0131k ve zararl\u0131lara kar\u015f\u0131 da kontrol yapt\u0131.<br \/>\n<br \/>Yap\u0131lan \u00e7al\u0131\u015fmalar kapsam\u0131nda \u00fcreticilere ba\u011flarda g\u00f6r\u00fclebilecek hastal\u0131k ve zararl\u0131lar hakk\u0131nda bilgi verilerek, zaman\u0131nda ve do\u011fru ila\u00e7lama yap\u0131lmas\u0131 konusunda uyar\u0131larda bulunuldu. Yetkililer, ba\u011flar\u0131n sa\u011fl\u0131kl\u0131 geli\u015fimi ve verim kayb\u0131n\u0131n \u00f6nlenmesi i\u00e7in \u00fcreticilerin \u00f6nerilen m\u00fccadele y\u00f6ntemlerine dikkat etmeleri gerekti\u011fini belirtti.<br \/>\n<br \/>\u0130l\u00e7e Tar\u0131m ve Orman M\u00fcd\u00fcrl\u00fc\u011f\u00fc yetkilileri, Sar\u0131g\u00f6l Ovas\u0131\u2019ndaki ba\u011flarda fenolojik g\u00f6zlem ve hastal\u0131k-zararl\u0131 kontrollerinin belirli aral\u0131klarla devam edece\u011fini ifade etti. \u00dcz\u00fcm \u00fcreticileri ise yap\u0131lan bilgilendirme ve uyar\u0131lar\u0131 dikkate alarak gerekli \u00f6nlemleri alacaklar\u0131n\u0131 dile getirdi.<br \/><\/p>\n","protected":false},"excerpt":{"rendered":"<p>Manisa\u2019n\u0131n Sar\u0131g\u00f6l il\u00e7esinde \u00fcz\u00fcm ba\u011flar\u0131nda fenolojik geli\u015fim, hastal\u0131k ve zararl\u0131lara y\u00f6nelik kontroller s\u00fcr\u00fcyor. \u0130l\u00e7e Tar\u0131m ve Orman M\u00fcd\u00fcrl\u00fc\u011f\u00fc ekipleri taraf\u0131ndan yap\u0131lan incelemelerde \u00fcreticilere \u00f6nemli uyar\u0131larda bulunuldu. Manisa\u2019n\u0131n Sar\u0131g\u00f6l il\u00e7esinde \u0130l\u00e7e Tar\u0131m ve Orman M\u00fcd\u00fcrl\u00fc\u011f\u00fc ekipleri taraf\u0131ndan ba\u011f alanlar\u0131nda fenolojik g\u00f6zlem, hastal\u0131k ve zararl\u0131 kontrolleri ger\u00e7ekle\u015ftirildi. Sar\u0131g\u00f6l Ovas\u0131\u2019ndaki \u00fcz\u00fcm ba\u011flar\u0131n\u0131 tek tek inceleyen ekipler, ba\u011flar\u0131n geli\u015fim&#8230;<\/p>\n","protected":false},"author":1,"featured_media":93112,"comment_status":"open","ping_status":"open","sticky":false,"template":"","format":"standard","meta":{"_crdt_document":"","footnotes":""},"categories":[125],"tags":[],"class_list":["post-93111","post","type-post","status-publish","format-standard","has-post-thumbnail","hentry","category-ekonomi"],"_links":{"self":[{"href":"https:\/\/www.egemtv.com\/index.php?rest_route=\/wp\/v2\/posts\/93111","targetHints":{"allow":["GET"]}}],"collection":[{"href":"https:\/\/www.egemtv.com\/index.php?rest_route=\/wp\/v2\/posts"}],"about":[{"href":"https:\/\/www.egemtv.com\/index.php?rest_route=\/wp\/v2\/types\/post"}],"author":[{"embeddable":true,"href":"https:\/\/www.egemtv.com\/index.php?rest_route=\/wp\/v2\/users\/1"}],"replies":[{"embeddable":true,"href":"https:\/\/www.egemtv.com\/index.php?rest_route=%2Fwp%2Fv2%2Fcomments&post=93111"}],"version-history":[{"count":1,"href":"https:\/\/www.egemtv.com\/index.php?rest_route=\/wp\/v2\/posts\/93111\/revisions"}],"predecessor-version":[{"id":93113,"href":"https:\/\/www.egemtv.com\/index.php?rest_route=\/wp\/v2\/posts\/93111\/revisions\/93113"}],"wp:featuredmedia":[{"embeddable":true,"href":"https:\/\/www.egemtv.com\/index.php?rest_route=\/wp\/v2\/media\/93112"}],"wp:attachment":[{"href":"https:\/\/www.egemtv.com\/index.php?rest_route=%2Fwp%2Fv2%2Fmedia&parent=93111"}],"wp:term":[{"taxonomy":"category","embeddable":true,"href":"https:\/\/www.egemtv.com\/index.php?rest_route=%2Fwp%2Fv2%2Fcategories&post=93111"},{"taxonomy":"post_tag","embeddable":true,"href":"https:\/\/www.egemtv.com\/index.php?rest_route=%2Fwp%2Fv2%2Ftags&post=93111"}],"curies":[{"name":"wp","href":"https:\/\/api.w.org\/{rel}","templated":true}]}}