{"id":93108,"date":"2026-03-10T05:54:40","date_gmt":"2026-03-10T02:54:40","guid":{"rendered":"https:\/\/www.egemtv.com\/?p=93108"},"modified":"2026-03-10T05:54:41","modified_gmt":"2026-03-10T02:54:41","slug":"kaymakam-dalak-cgrencilerle-birlikte-iftar-acti","status":"publish","type":"post","link":"https:\/\/www.egemtv.com\/?p=93108","title":{"rendered":"Kaymakam Dalak \u00e7\u011frencilerle birlikte iftar a\u00e7t\u0131"},"content":{"rendered":"<p>Sar\u0131g\u00f6l Kaymakam\u0131 Halil Dalak, Mesleki ve Teknik Anadolu Lisesi\u2019nde d\u00fczenlenen iftar program\u0131nda \u00f6\u011frencilerle ayn\u0131 sofray\u0131 payla\u015farak Ramazan\u2019\u0131n manevi atmosferini birlikte ya\u015fad\u0131.<br \/>\n<br \/>Manisa\u2019n\u0131n Sar\u0131g\u00f6l il\u00e7esinde Sar\u0131g\u00f6l Mesleki ve Teknik Anadolu Lisesi taraf\u0131ndan d\u00fczenlenen iftar program\u0131nda protokol, \u00f6\u011fretmenler ve \u00f6\u011frenciler ayn\u0131 sofrada bulu\u015ftu.<br \/>\n<br \/>Sar\u0131g\u00f6l Mesleki ve Teknik Anadolu Lisesi pansiyonunda d\u00fczenlenen iftar program\u0131na Sar\u0131g\u00f6l Kaymakam\u0131 Halil Dalak ve e\u015fi Ayfer Dalak, Sar\u0131g\u00f6l \u0130l\u00e7e Milli E\u011fitim M\u00fcd\u00fcr\u00fc Cezmi Y\u0131ld\u0131rak, okul y\u00f6neticileri, \u00f6\u011fretmenler ve \u00f6\u011frenciler kat\u0131ld\u0131.<br \/>\n<br \/>Ramazan ay\u0131n\u0131n manevi atmosferinde ger\u00e7ekle\u015fen iftar program\u0131nda \u00f6\u011frencilerle ayn\u0131 sofray\u0131 payla\u015fan Kaymakam Halil Dalak, birlik ve beraberlik vurgusu yapt\u0131. Dalak, &#8220;\u00d6\u011frencilerimiz ve \u00f6\u011fretmenlerimizle birlikte iftar yeme\u011finde bir araya gelerek m\u00fcbarek Ramazan ay\u0131n\u0131n manevi atmosferini birlikte ya\u015fad\u0131k. Bu ortam bana kendi okul y\u0131llar\u0131m\u0131 hat\u0131rlatt\u0131. \u0130ftar program\u0131n\u0131 d\u00fczenleyen okul idaresine te\u015fekk\u00fcr ediyorum.&#8221; dedi.<br \/>\n<br \/>Sar\u0131g\u00f6l \u0130l\u00e7e Milli E\u011fitim M\u00fcd\u00fcr\u00fc Cezmi Y\u0131ld\u0131rak da iftar program\u0131na kat\u0131l\u0131m sa\u011flayan Kaymakam Halil Dalak\u2019a te\u015fekk\u00fcr ederek, &#8220;Okulumuzun d\u00fczenledi\u011fi iftar program\u0131nda \u00f6\u011frencilerimiz ve \u00f6\u011fretmenlerimizle bir arada olmaktan b\u00fcy\u00fck memnuniyet duyduk. Ramazan ay\u0131n\u0131n manevi atmosferini birlikte ya\u015fad\u0131k. Eme\u011fi ge\u00e7en herkese te\u015fekk\u00fcr ediyorum.&#8221; diye konu\u015ftu.<br \/>\n<br \/>Programda \u0130l\u00e7e Milli E\u011fitim M\u00fcd\u00fcr\u00fc Cezmi Y\u0131ld\u0131rak da bir s\u00fcre \u00f6\u011frencilere iftar yeme\u011fi ikram etti.<br \/><\/p>\n","protected":false},"excerpt":{"rendered":"<p>Sar\u0131g\u00f6l Kaymakam\u0131 Halil Dalak, Mesleki ve Teknik Anadolu Lisesi\u2019nde d\u00fczenlenen iftar program\u0131nda \u00f6\u011frencilerle ayn\u0131 sofray\u0131 payla\u015farak Ramazan\u2019\u0131n manevi atmosferini birlikte ya\u015fad\u0131. Manisa\u2019n\u0131n Sar\u0131g\u00f6l il\u00e7esinde Sar\u0131g\u00f6l Mesleki ve Teknik Anadolu Lisesi taraf\u0131ndan d\u00fczenlenen iftar program\u0131nda protokol, \u00f6\u011fretmenler ve \u00f6\u011frenciler ayn\u0131 sofrada bulu\u015ftu. Sar\u0131g\u00f6l Mesleki ve Teknik Anadolu Lisesi pansiyonunda d\u00fczenlenen iftar program\u0131na Sar\u0131g\u00f6l Kaymakam\u0131 Halil Dalak&#8230;<\/p>\n","protected":false},"author":1,"featured_media":93109,"comment_status":"open","ping_status":"open","sticky":false,"template":"","format":"standard","meta":{"_crdt_document":"","footnotes":""},"categories":[1],"tags":[],"class_list":["post-93108","post","type-post","status-publish","format-standard","has-post-thumbnail","hentry","category-guncel"],"_links":{"self":[{"href":"https:\/\/www.egemtv.com\/index.php?rest_route=\/wp\/v2\/posts\/93108","targetHints":{"allow":["GET"]}}],"collection":[{"href":"https:\/\/www.egemtv.com\/index.php?rest_route=\/wp\/v2\/posts"}],"about":[{"href":"https:\/\/www.egemtv.com\/index.php?rest_route=\/wp\/v2\/types\/post"}],"author":[{"embeddable":true,"href":"https:\/\/www.egemtv.com\/index.php?rest_route=\/wp\/v2\/users\/1"}],"replies":[{"embeddable":true,"href":"https:\/\/www.egemtv.com\/index.php?rest_route=%2Fwp%2Fv2%2Fcomments&post=93108"}],"version-history":[{"count":1,"href":"https:\/\/www.egemtv.com\/index.php?rest_route=\/wp\/v2\/posts\/93108\/revisions"}],"predecessor-version":[{"id":93110,"href":"https:\/\/www.egemtv.com\/index.php?rest_route=\/wp\/v2\/posts\/93108\/revisions\/93110"}],"wp:featuredmedia":[{"embeddable":true,"href":"https:\/\/www.egemtv.com\/index.php?rest_route=\/wp\/v2\/media\/93109"}],"wp:attachment":[{"href":"https:\/\/www.egemtv.com\/index.php?rest_route=%2Fwp%2Fv2%2Fmedia&parent=93108"}],"wp:term":[{"taxonomy":"category","embeddable":true,"href":"https:\/\/www.egemtv.com\/index.php?rest_route=%2Fwp%2Fv2%2Fcategories&post=93108"},{"taxonomy":"post_tag","embeddable":true,"href":"https:\/\/www.egemtv.com\/index.php?rest_route=%2Fwp%2Fv2%2Ftags&post=93108"}],"curies":[{"name":"wp","href":"https:\/\/api.w.org\/{rel}","templated":true}]}}