{"id":93105,"date":"2026-03-10T05:54:39","date_gmt":"2026-03-10T02:54:39","guid":{"rendered":"https:\/\/www.egemtv.com\/?p=93105"},"modified":"2026-03-10T05:54:40","modified_gmt":"2026-03-10T02:54:40","slug":"buldanda-5-1-buyuklugundeki-depremin-ardindan-yasanan-artcilardan-korkan-vatandaslar-disarda-sabahladi","status":"publish","type":"post","link":"https:\/\/www.egemtv.com\/?p=93105","title":{"rendered":"Buldan\u2019da 5.1 b\u00fcy\u00fckl\u00fc\u011f\u00fcndeki depremin ard\u0131ndan ya\u015fanan art\u00e7\u0131lardan korkan vatanda\u015flar d\u0131\u015farda sabahlad\u0131"},"content":{"rendered":"<p>Denizli\u2019nin Buldan il\u00e7esinde meydana gelen 5.1 b\u00fcy\u00fckl\u00fc\u011f\u00fcndeki depremin ard\u0131ndan 4.5\u2019e kadar ula\u015fan 150\u2019den fazla art\u00e7\u0131 sars\u0131nt\u0131 ya\u015fand\u0131. Korku ve panik ya\u015fayan vatanda\u015flar\u0131n bir\u00e7o\u011fu geceyi evlerinin d\u0131\u015f\u0131nda ge\u00e7irmek zorunda kald\u0131.<br \/>\n<br \/>Denizli\u2019nin Buldan il\u00e7esi Yenicekent Mahallesi merkez \u00fcss\u00fc olan 5.1 b\u00fcy\u00fckl\u00fc\u011f\u00fcndeki depremin ard\u0131ndan b\u00f6lgede 150\u2019nin \u00fczerinde art\u00e7\u0131 sars\u0131nt\u0131 meydana geldi. En b\u00fcy\u00fc\u011f\u00fc 4.5 b\u00fcy\u00fckl\u00fc\u011f\u00fcne ula\u015fan art\u00e7\u0131 depremler, b\u00f6lge halk\u0131nda b\u00fcy\u00fck korku ve pani\u011fe neden oldu. Pe\u015f pe\u015fe ya\u015fanan sars\u0131nt\u0131lar\u0131n ard\u0131ndan vatanda\u015flar g\u00fcvenli g\u00f6rd\u00fckleri alanlara y\u00f6neldi. Kimi vatanda\u015flar ba\u011f evlerine giderken, baz\u0131lar\u0131 bah\u00e7elerinde bulunan prefabrik yap\u0131lara s\u0131\u011f\u0131nd\u0131. Deprem korkusu nedeniyle evlerine giremeyen bir\u00e7ok ki\u015fi ise geceyi ara\u00e7lar\u0131nda ge\u00e7irmek zorunda kald\u0131.<br \/>\n<br \/>Baz\u0131 vatanda\u015flar evlerinin \u00f6n\u00fcnde ate\u015f yakarak geceyi d\u0131\u015far\u0131da ge\u00e7irirken, baz\u0131lar\u0131 da i\u015fletmelerine s\u0131\u011f\u0131narak sabah\u0131 bekledi. Art\u00e7\u0131 sars\u0131nt\u0131lar\u0131n devam etmesi nedeniyle b\u00f6lge halk\u0131 tedirginli\u011fini devam ediyor.<\/p>\n<p>&#8220;Gece olan art\u00e7\u0131 depremlerden \u00e7ok korktuk&#8221;<br \/>\n<br \/>K\u00f6y\u00fcn d\u0131\u015f\u0131nda bulunan prefabrik eve s\u0131\u011f\u0131nd\u0131klar\u0131n\u0131, meydana gelen art\u00e7\u0131lardan dolay\u0131 korktuklar\u0131n\u0131 ifade eden Yenicekent Mahalle sakini Ahmet K\u00f6k, &#8220;Ba\u015f\u0131m\u0131za gelen bu afetten dolay\u0131 k\u00f6y\u00fcm\u00fcz\u00fcn d\u0131\u015f\u0131ndaki prefabrik evlerde kal\u0131yoruz. Karde\u015flerim, \u00e7ocuklar\u0131m, torunlar\u0131m\u0131 toplad\u0131m ve buraya geldik. Burada biraz daha rahatta hissediyoruz. K\u00f6y\u00fcm\u00fcz\u00fcn i\u00e7indeki evlerde \u00e7ok korkuttuk. \u00c7ocuklar\u0131m\u0131z panik olmas\u0131n diye buraya geldik. \u015euanda burada 6 aile var\u0131z. Gece olan art\u00e7\u0131 depremden korktuk. Biraz \u00f6nce k\u00f6y\u00fcn i\u00e7ini dola\u015ft\u0131m, baz\u0131 arkada\u015flar\u0131m arabalar\u0131n i\u00e7inde ailecek yat\u0131yorlar&#8221; dedi.<\/p>\n<p>&#8220;D\u0131\u015farda ate\u015f yakarak bekliyoruz, ara\u00e7ta uyuyoruz&#8221;<br \/>\n<br \/>Geceyi d\u0131\u015far\u0131da ate\u015f yakarak beklediklerini dile getiren mahalle sakini Ali \u00c7ak\u0131r ise,  &#8220;Art\u00e7\u0131 depremlerden dolay\u0131 geceyi en g\u00fcvenli d\u0131\u015far\u0131da ge\u00e7iriyoruz. \u015euanda en g\u00fcvenli yer d\u0131\u015far\u0131da. D\u0131\u015farda ate\u015f yakarak bekliyoruz, ara\u00e7ta uyuyoruz. Herkes d\u0131\u015far\u0131da, en garantisi b\u00f6yle&#8221; diye konu\u015ftu.<br \/><\/p>\n","protected":false},"excerpt":{"rendered":"<p>Denizli\u2019nin Buldan il\u00e7esinde meydana gelen 5.1 b\u00fcy\u00fckl\u00fc\u011f\u00fcndeki depremin ard\u0131ndan 4.5\u2019e kadar ula\u015fan 150\u2019den fazla art\u00e7\u0131 sars\u0131nt\u0131 ya\u015fand\u0131. Korku ve panik ya\u015fayan vatanda\u015flar\u0131n bir\u00e7o\u011fu geceyi evlerinin d\u0131\u015f\u0131nda ge\u00e7irmek zorunda kald\u0131. Denizli\u2019nin Buldan il\u00e7esi Yenicekent Mahallesi merkez \u00fcss\u00fc olan 5.1 b\u00fcy\u00fckl\u00fc\u011f\u00fcndeki depremin ard\u0131ndan b\u00f6lgede 150\u2019nin \u00fczerinde art\u00e7\u0131 sars\u0131nt\u0131 meydana geldi. En b\u00fcy\u00fc\u011f\u00fc 4.5 b\u00fcy\u00fckl\u00fc\u011f\u00fcne ula\u015fan art\u00e7\u0131 depremler,&#8230;<\/p>\n","protected":false},"author":1,"featured_media":93106,"comment_status":"open","ping_status":"open","sticky":false,"template":"","format":"standard","meta":{"_crdt_document":"","footnotes":""},"categories":[5],"tags":[],"class_list":["post-93105","post","type-post","status-publish","format-standard","has-post-thumbnail","hentry","category-asayis"],"_links":{"self":[{"href":"https:\/\/www.egemtv.com\/index.php?rest_route=\/wp\/v2\/posts\/93105","targetHints":{"allow":["GET"]}}],"collection":[{"href":"https:\/\/www.egemtv.com\/index.php?rest_route=\/wp\/v2\/posts"}],"about":[{"href":"https:\/\/www.egemtv.com\/index.php?rest_route=\/wp\/v2\/types\/post"}],"author":[{"embeddable":true,"href":"https:\/\/www.egemtv.com\/index.php?rest_route=\/wp\/v2\/users\/1"}],"replies":[{"embeddable":true,"href":"https:\/\/www.egemtv.com\/index.php?rest_route=%2Fwp%2Fv2%2Fcomments&post=93105"}],"version-history":[{"count":1,"href":"https:\/\/www.egemtv.com\/index.php?rest_route=\/wp\/v2\/posts\/93105\/revisions"}],"predecessor-version":[{"id":93107,"href":"https:\/\/www.egemtv.com\/index.php?rest_route=\/wp\/v2\/posts\/93105\/revisions\/93107"}],"wp:featuredmedia":[{"embeddable":true,"href":"https:\/\/www.egemtv.com\/index.php?rest_route=\/wp\/v2\/media\/93106"}],"wp:attachment":[{"href":"https:\/\/www.egemtv.com\/index.php?rest_route=%2Fwp%2Fv2%2Fmedia&parent=93105"}],"wp:term":[{"taxonomy":"category","embeddable":true,"href":"https:\/\/www.egemtv.com\/index.php?rest_route=%2Fwp%2Fv2%2Fcategories&post=93105"},{"taxonomy":"post_tag","embeddable":true,"href":"https:\/\/www.egemtv.com\/index.php?rest_route=%2Fwp%2Fv2%2Ftags&post=93105"}],"curies":[{"name":"wp","href":"https:\/\/api.w.org\/{rel}","templated":true}]}}