{"id":93102,"date":"2026-03-10T00:34:29","date_gmt":"2026-03-09T21:34:29","guid":{"rendered":"https:\/\/www.egemtv.com\/?p=93102"},"modified":"2026-03-10T00:34:30","modified_gmt":"2026-03-09T21:34:30","slug":"marmaris-ilce-emniyet-mudurlugu-iftar-sofrasini-gazi-ve-sehit-yakinlari-ile-paylasti","status":"publish","type":"post","link":"https:\/\/www.egemtv.com\/?p=93102","title":{"rendered":"Marmaris \u0130l\u00e7e Emniyet M\u00fcd\u00fcrl\u00fc\u011f\u00fc iftar sofras\u0131n\u0131 gazi ve \u015fehit yak\u0131nlar\u0131 ile payla\u015ft\u0131"},"content":{"rendered":"<p>Mu\u011fla\u2019n\u0131n Marmaris il\u00e7esi Marmaris \u0130l\u00e7e Emniyet M\u00fcd\u00fcrl\u00fc\u011f\u00fc taraf\u0131ndan Ramazan ay\u0131 dolay\u0131s\u0131yla anlaml\u0131 bir iftar program\u0131 d\u00fczenlendi. Marmaris\u2019te ger\u00e7ekle\u015ftirilen programda yakla\u015f\u0131k 750  ki\u015fi ayn\u0131 sofrada bir araya gelerek Ramazan ay\u0131n\u0131n birlik ve dayan\u0131\u015fma ruhunu payla\u015ft\u0131.<\/p>\n<p>\u0130l\u00e7e Emniyet M\u00fcd\u00fcr\u00fc Samed Seyhan \u00f6nc\u00fcl\u00fc\u011f\u00fcnde ger\u00e7ekle\u015ftirilen, \u015fehit yak\u0131nlar\u0131, gaziler ve emniyet personelinin yo\u011fun bir \u015fekilde kat\u0131l\u0131m sa\u011flad\u0131\u011f\u0131 program, Marmaris \u0130l\u00e7e M\u00fcft\u00fcs\u00fc\u2019n\u00fcn yapt\u0131\u011f\u0131 anlaml\u0131 konu\u015fmas\u0131 ile ba\u015flad\u0131, ezan ve dualar ile devam etti.<\/p>\n<p>Marmaris Siteler Mahallesi\u2019nde bir otelde d\u00fczenlenen iftar program\u0131na Marmaris Kaymakam\u0131 Nurullah Kaya, Marmaris Cumhuriyet Ba\u015fsavc\u0131s\u0131 Vekili, Aksaz Deniz \u00dcs Komutan\u0131 Tu\u011famiral Hamdi Abanoz, G\u00fcney Ege Sahil G\u00fcvenlik Komutan\u0131 Yarbay Ak\u0131n Co\u015fkunlar, Marmaris \u0130l\u00e7e Jandarma Komutan\u0131  Binba\u015f\u0131 Berker Dongul, Marmaris \u0130l\u00e7e Sa\u011fl\u0131k M\u00fcd\u00fcr\u00fc Dr. \u0130mran \u0130nce, Marmaris \u0130l\u00e7e Milli E\u011fitim M\u00fcd\u00fcr\u00fc Serap Aksel, Marmaris Orman \u0130\u015fletme M\u00fcd\u00fcr\u00fc G\u00f6khan \u015eahin, Marmaris Milli Parklar M\u00fcd\u00fcr\u00fc Mesut G\u00fcm\u00fc\u015f, Mu\u011fla Barosu Marmaris Temsilcisi Bu\u011fra Yavuz, GETOB Ba\u015fkan\u0131 Cengiz Ayg\u00fcn, siyasi parti temsilcileri, Muharip Gaziler Derne\u011fi Marmaris \u015eubesi \u00fcyeleri, \u015fehit yak\u0131nlar\u0131, sivil toplum kurulu\u015flar\u0131n\u0131n temsilcileri ile Marmaris \u0130l\u00e7e Emniyet M\u00fcd\u00fcrl\u00fc\u011f\u00fc personeli ve aileleri kat\u0131ld\u0131.<\/p>\n<p>Programda konu\u015fan \u0130l\u00e7e Emniyet M\u00fcd\u00fcr\u00fc Samed Seyhan konu\u015fmas\u0131nda, Ramazan ay\u0131n\u0131n birlik, beraberlik ve dayan\u0131\u015fma duygular\u0131n\u0131 g\u00fc\u00e7lendiren \u00f6zel bir d\u00f6nem oldu\u011funu vurgulad\u0131. Seyhan, vatan u\u011fruna canlar\u0131n\u0131 feda eden \u015fehitleri ve fedakarl\u0131klar\u0131yla milletin gururu olan gazileri anarak, &#8220;Vatan topra\u011f\u0131n\u0131 kanlar\u0131yla sulayarak bizlere bu aziz yurdu emanet eden kahraman \u015fehitlerimizin k\u0131ymetli aileleri ve cesaretin ya\u015fayan abideleri olan de\u011ferli gazilerimiz bizler i\u00e7in en b\u00fcy\u00fck onur ve gurur kayna\u011f\u0131d\u0131r&#8221; ifadelerini kulland\u0131.<\/p>\n<p>Ramazan ay\u0131n\u0131n manevi iklimine dikkat \u00e7eken Seyhan, &#8220;On bir ay\u0131n sultan\u0131 Ramazan-\u0131 \u015eerif sadece bir ibadet vakti de\u011fil, ayn\u0131 zamanda ruhlar\u0131n ar\u0131nd\u0131\u011f\u0131, g\u00f6n\u00fcl k\u00f6pr\u00fclerinin kuruldu\u011fu, \u2018ben\u2019 de\u011fil \u2018biz\u2019 diyebildi\u011fimiz ilahi bir mekteptir. Bug\u00fcn burada sadece ekme\u011fimizi ve suyumuzu de\u011fil; h\u00fczn\u00fcm\u00fcz\u00fc, sevincimizi ve vatan a\u015fk\u0131m\u0131z\u0131 da payla\u015f\u0131yoruz&#8221; dedi.<\/p>\n<p>Seyhan ayr\u0131ca, Marmaris\u2019in huzuru ve g\u00fcvenli\u011fi i\u00e7in gece g\u00fcnd\u00fcz g\u00f6rev yapan emniyet personeline te\u015fekk\u00fcr ederek \u015fehitlerin aziz hat\u0131ralar\u0131n\u0131n her zaman ya\u015fat\u0131laca\u011f\u0131n\u0131, gazilere ise minnet duyduklar\u0131n\u0131 ifade etti.<\/p>\n<p>Marmaris Kaymakam\u0131 Nurullah Kaya ise konu\u015fmas\u0131nda Ramazan ay\u0131n\u0131n manevi atmosferinde b\u00f6yle samimi bir ortamda bir araya gelmenin mutlulu\u011funu ya\u015fad\u0131klar\u0131n\u0131 belirtti. \u0130l\u00e7ede huzur ve g\u00fcvenli\u011fin sa\u011flanmas\u0131 i\u00e7in kolluk kuvvetlerinin b\u00fcy\u00fck bir \u00f6zveriyle g\u00f6rev yapt\u0131\u011f\u0131n\u0131 vurgulayan Kaya, Emniyet te\u015fkilat\u0131na \u00e7al\u0131\u015fmalar\u0131ndan dolay\u0131 te\u015fekk\u00fcr etti.<\/p>\n<p>Kaymakam Kaya ayr\u0131ca teknolojik imkanlar, kamera sistemleri ve etkin takip sayesinde bir\u00e7ok asayi\u015f olay\u0131n\u0131n hen\u00fcz ba\u015flamadan \u00f6nlenebildi\u011fini belirterek Marmaris\u2019in huzurun simgesi olan \u015fehirlerden biri haline geldi\u011fini ifade etti.<\/p>\n<p>Program, iftar yeme\u011finin ard\u0131ndan yap\u0131lan sohbetlerle sona erdi.<br \/><\/p>\n","protected":false},"excerpt":{"rendered":"<p>Mu\u011fla\u2019n\u0131n Marmaris il\u00e7esi Marmaris \u0130l\u00e7e Emniyet M\u00fcd\u00fcrl\u00fc\u011f\u00fc taraf\u0131ndan Ramazan ay\u0131 dolay\u0131s\u0131yla anlaml\u0131 bir iftar program\u0131 d\u00fczenlendi. Marmaris\u2019te ger\u00e7ekle\u015ftirilen programda yakla\u015f\u0131k 750 ki\u015fi ayn\u0131 sofrada bir araya gelerek Ramazan ay\u0131n\u0131n birlik ve dayan\u0131\u015fma ruhunu payla\u015ft\u0131. \u0130l\u00e7e Emniyet M\u00fcd\u00fcr\u00fc Samed Seyhan \u00f6nc\u00fcl\u00fc\u011f\u00fcnde ger\u00e7ekle\u015ftirilen, \u015fehit yak\u0131nlar\u0131, gaziler ve emniyet personelinin yo\u011fun bir \u015fekilde kat\u0131l\u0131m sa\u011flad\u0131\u011f\u0131 program, Marmaris \u0130l\u00e7e&#8230;<\/p>\n","protected":false},"author":1,"featured_media":93103,"comment_status":"open","ping_status":"open","sticky":false,"template":"","format":"standard","meta":{"_crdt_document":"","footnotes":""},"categories":[1],"tags":[],"class_list":["post-93102","post","type-post","status-publish","format-standard","has-post-thumbnail","hentry","category-guncel"],"_links":{"self":[{"href":"https:\/\/www.egemtv.com\/index.php?rest_route=\/wp\/v2\/posts\/93102","targetHints":{"allow":["GET"]}}],"collection":[{"href":"https:\/\/www.egemtv.com\/index.php?rest_route=\/wp\/v2\/posts"}],"about":[{"href":"https:\/\/www.egemtv.com\/index.php?rest_route=\/wp\/v2\/types\/post"}],"author":[{"embeddable":true,"href":"https:\/\/www.egemtv.com\/index.php?rest_route=\/wp\/v2\/users\/1"}],"replies":[{"embeddable":true,"href":"https:\/\/www.egemtv.com\/index.php?rest_route=%2Fwp%2Fv2%2Fcomments&post=93102"}],"version-history":[{"count":1,"href":"https:\/\/www.egemtv.com\/index.php?rest_route=\/wp\/v2\/posts\/93102\/revisions"}],"predecessor-version":[{"id":93104,"href":"https:\/\/www.egemtv.com\/index.php?rest_route=\/wp\/v2\/posts\/93102\/revisions\/93104"}],"wp:featuredmedia":[{"embeddable":true,"href":"https:\/\/www.egemtv.com\/index.php?rest_route=\/wp\/v2\/media\/93103"}],"wp:attachment":[{"href":"https:\/\/www.egemtv.com\/index.php?rest_route=%2Fwp%2Fv2%2Fmedia&parent=93102"}],"wp:term":[{"taxonomy":"category","embeddable":true,"href":"https:\/\/www.egemtv.com\/index.php?rest_route=%2Fwp%2Fv2%2Fcategories&post=93102"},{"taxonomy":"post_tag","embeddable":true,"href":"https:\/\/www.egemtv.com\/index.php?rest_route=%2Fwp%2Fv2%2Ftags&post=93102"}],"curies":[{"name":"wp","href":"https:\/\/api.w.org\/{rel}","templated":true}]}}