{"id":93099,"date":"2026-03-09T23:54:44","date_gmt":"2026-03-09T20:54:44","guid":{"rendered":"https:\/\/www.egemtv.com\/?p=93099"},"modified":"2026-03-09T23:54:46","modified_gmt":"2026-03-09T20:54:46","slug":"denizlide-devam-eden-artci-depremler-vatandaslari-korkutuyor","status":"publish","type":"post","link":"https:\/\/www.egemtv.com\/?p=93099","title":{"rendered":"Denizli\u2019de devam eden art\u00e7\u0131 depremler vatanda\u015flar\u0131 korkutuyor"},"content":{"rendered":"<p>Denizli\u2019de g\u00fcn boyu ya\u015fanan 100\u2019\u00fc a\u015fk\u0131n art\u00e7\u0131 depremler devam ediyor. Buldan merkezli 4.2 b\u00fcy\u00fckl\u00fc\u011f\u00fcndeki deprem, saat 23.20\u2019de meydana geldi.<\/p>\n<p>Denizli\u2019de g\u00fcn i\u00e7erisinde meydana gelen depremlerin ard\u0131ndan art\u00e7\u0131 sars\u0131nt\u0131lar s\u00fcr\u00fcyor. Son olarak Buldan merkez \u00fcss\u00fc olan 4.2 b\u00fcy\u00fckl\u00fc\u011f\u00fcnde bir deprem daha kaydedildi. Saat 23.20\u2019de meydana gelen deprem, yerin yakla\u015f\u0131k 12,16 kilometre derinli\u011finde ger\u00e7ekle\u015fti. G\u00fcn boyunca b\u00f6lgede 100\u2019\u00fcn \u00fczerinde art\u00e7\u0131 deprem ya\u015fand\u0131\u011f\u0131 b\u00f6lgede, son sars\u0131nt\u0131 Denizli kent merkezinde de hissedildi. K\u0131sa s\u00fcreli pani\u011fe neden oldu.<br \/><\/p>\n","protected":false},"excerpt":{"rendered":"<p>Denizli\u2019de g\u00fcn boyu ya\u015fanan 100\u2019\u00fc a\u015fk\u0131n art\u00e7\u0131 depremler devam ediyor. Buldan merkezli 4.2 b\u00fcy\u00fckl\u00fc\u011f\u00fcndeki deprem, saat 23.20\u2019de meydana geldi. Denizli\u2019de g\u00fcn i\u00e7erisinde meydana gelen depremlerin ard\u0131ndan art\u00e7\u0131 sars\u0131nt\u0131lar s\u00fcr\u00fcyor. Son olarak Buldan merkez \u00fcss\u00fc olan 4.2 b\u00fcy\u00fckl\u00fc\u011f\u00fcnde bir deprem daha kaydedildi. Saat 23.20\u2019de meydana gelen deprem, yerin yakla\u015f\u0131k 12,16 kilometre derinli\u011finde ger\u00e7ekle\u015fti. G\u00fcn boyunca b\u00f6lgede&#8230;<\/p>\n","protected":false},"author":1,"featured_media":93100,"comment_status":"open","ping_status":"open","sticky":false,"template":"","format":"standard","meta":{"_crdt_document":"","footnotes":""},"categories":[5],"tags":[],"class_list":["post-93099","post","type-post","status-publish","format-standard","has-post-thumbnail","hentry","category-asayis"],"_links":{"self":[{"href":"https:\/\/www.egemtv.com\/index.php?rest_route=\/wp\/v2\/posts\/93099","targetHints":{"allow":["GET"]}}],"collection":[{"href":"https:\/\/www.egemtv.com\/index.php?rest_route=\/wp\/v2\/posts"}],"about":[{"href":"https:\/\/www.egemtv.com\/index.php?rest_route=\/wp\/v2\/types\/post"}],"author":[{"embeddable":true,"href":"https:\/\/www.egemtv.com\/index.php?rest_route=\/wp\/v2\/users\/1"}],"replies":[{"embeddable":true,"href":"https:\/\/www.egemtv.com\/index.php?rest_route=%2Fwp%2Fv2%2Fcomments&post=93099"}],"version-history":[{"count":1,"href":"https:\/\/www.egemtv.com\/index.php?rest_route=\/wp\/v2\/posts\/93099\/revisions"}],"predecessor-version":[{"id":93101,"href":"https:\/\/www.egemtv.com\/index.php?rest_route=\/wp\/v2\/posts\/93099\/revisions\/93101"}],"wp:featuredmedia":[{"embeddable":true,"href":"https:\/\/www.egemtv.com\/index.php?rest_route=\/wp\/v2\/media\/93100"}],"wp:attachment":[{"href":"https:\/\/www.egemtv.com\/index.php?rest_route=%2Fwp%2Fv2%2Fmedia&parent=93099"}],"wp:term":[{"taxonomy":"category","embeddable":true,"href":"https:\/\/www.egemtv.com\/index.php?rest_route=%2Fwp%2Fv2%2Fcategories&post=93099"},{"taxonomy":"post_tag","embeddable":true,"href":"https:\/\/www.egemtv.com\/index.php?rest_route=%2Fwp%2Fv2%2Ftags&post=93099"}],"curies":[{"name":"wp","href":"https:\/\/api.w.org\/{rel}","templated":true}]}}