{"id":93096,"date":"2026-03-09T23:14:31","date_gmt":"2026-03-09T20:14:31","guid":{"rendered":"https:\/\/www.egemtv.com\/?p=93096"},"modified":"2026-03-09T23:14:32","modified_gmt":"2026-03-09T20:14:32","slug":"kaymakam-kan-huzurevi-sakinlerini-iftarda-agirladi","status":"publish","type":"post","link":"https:\/\/www.egemtv.com\/?p=93096","title":{"rendered":"Kaymakam Kan huzurevi sakinlerini iftarda a\u011f\u0131rlad\u0131"},"content":{"rendered":"<p>Nazilli Kaymakam\u0131 Huriye K\u00fcpleri Kan, Nazilli Haluk Al\u0131c\u0131k Huzurevi sakinleri ile iftar yeme\u011finde bir araya geldi.<\/p>\n<p>Nazilli Kaymakam\u0131 Huriye K\u00fcpleri Kan, Nazilli Haluk Al\u0131c\u0131k Huzurevi sakinlerine iftar yeme\u011fi verdi. Ak\u015fam ezan\u0131 \u00f6ncesi huzurevi sakinleri ile tek tek g\u00f6r\u00fc\u015fen ve iftara kat\u0131l\u0131mlar\u0131ndan dolay\u0131 te\u015fekk\u00fcr eden Kaymakam Kan ve il\u00e7e protokol \u00fcyeleri, \u00f6zenle haz\u0131rlanm\u0131\u015f iftar sofralar\u0131nda farkl\u0131 masalara oturarak ezanla birlikte iftar a\u00e7t\u0131. \u0130l\u00e7e M\u00fcft\u00fcs\u00fc Hakan T\u00fcre\u2019nin iftar duas\u0131n\u0131n ard\u0131ndan yemek sona ererken Kaymakam Kan, yapt\u0131\u011f\u0131 konu\u015fmada, &#8220;Bu ak\u015fam iftar\u0131m\u0131z\u0131 huzurevi sakinlerimizle birlikte ge\u00e7irdik. Onlarla birlikte olmak, onlar\u0131n tecr\u00fcbelerinden faydalanmak \u00e7ok g\u00fczeldi. Zaten s\u0131k s\u0131k farkl\u0131 programlarla birlikte olmaktayd\u0131k. Bu g\u00fczelli\u011fi bizlere sa\u011flayan ba\u015fta il ve il\u00e7e m\u00fcd\u00fcrlerimiz olmak \u00fczere huzurevi \u00e7al\u0131\u015fanlar\u0131m\u0131za \u00e7ok te\u015fekk\u00fcr ediyorum&#8221; dedi.<\/p>\n<p>\u0130ftar yeme\u011finde Kaymakam Kan\u2019a Ayd\u0131n Aile ve Sosyal Hizmetler \u0130l M\u00fcd\u00fcr\u00fc \u0130lkay T\u00fcrko\u011flu, \u0130l\u00e7e Emniyet M\u00fcd\u00fcr\u00fc Erdal Esen, \u0130l\u00e7e Jandarma Komutan\u0131 Y\u00fczba\u015f\u0131 Ahmet Refik \u00d6zsoy, \u0130l\u00e7e M\u00fcft\u00fcs\u00fc Hakan T\u00fcre, \u0130l\u00e7e Sosyal Hizmet Merkezi M\u00fcd\u00fcr\u00fc Mahmut \u00c7etin, Nazilli Haluk Al\u0131c\u0131k Huzurevi M\u00fcd\u00fcr\u00fc Abd\u00fclgani Kavak e\u015flik etti.<br \/><\/p>\n","protected":false},"excerpt":{"rendered":"<p>Nazilli Kaymakam\u0131 Huriye K\u00fcpleri Kan, Nazilli Haluk Al\u0131c\u0131k Huzurevi sakinleri ile iftar yeme\u011finde bir araya geldi. Nazilli Kaymakam\u0131 Huriye K\u00fcpleri Kan, Nazilli Haluk Al\u0131c\u0131k Huzurevi sakinlerine iftar yeme\u011fi verdi. Ak\u015fam ezan\u0131 \u00f6ncesi huzurevi sakinleri ile tek tek g\u00f6r\u00fc\u015fen ve iftara kat\u0131l\u0131mlar\u0131ndan dolay\u0131 te\u015fekk\u00fcr eden Kaymakam Kan ve il\u00e7e protokol \u00fcyeleri, \u00f6zenle haz\u0131rlanm\u0131\u015f iftar sofralar\u0131nda farkl\u0131&#8230;<\/p>\n","protected":false},"author":1,"featured_media":93097,"comment_status":"open","ping_status":"open","sticky":false,"template":"","format":"standard","meta":{"_crdt_document":"","footnotes":""},"categories":[1],"tags":[],"class_list":["post-93096","post","type-post","status-publish","format-standard","has-post-thumbnail","hentry","category-guncel"],"_links":{"self":[{"href":"https:\/\/www.egemtv.com\/index.php?rest_route=\/wp\/v2\/posts\/93096","targetHints":{"allow":["GET"]}}],"collection":[{"href":"https:\/\/www.egemtv.com\/index.php?rest_route=\/wp\/v2\/posts"}],"about":[{"href":"https:\/\/www.egemtv.com\/index.php?rest_route=\/wp\/v2\/types\/post"}],"author":[{"embeddable":true,"href":"https:\/\/www.egemtv.com\/index.php?rest_route=\/wp\/v2\/users\/1"}],"replies":[{"embeddable":true,"href":"https:\/\/www.egemtv.com\/index.php?rest_route=%2Fwp%2Fv2%2Fcomments&post=93096"}],"version-history":[{"count":1,"href":"https:\/\/www.egemtv.com\/index.php?rest_route=\/wp\/v2\/posts\/93096\/revisions"}],"predecessor-version":[{"id":93098,"href":"https:\/\/www.egemtv.com\/index.php?rest_route=\/wp\/v2\/posts\/93096\/revisions\/93098"}],"wp:featuredmedia":[{"embeddable":true,"href":"https:\/\/www.egemtv.com\/index.php?rest_route=\/wp\/v2\/media\/93097"}],"wp:attachment":[{"href":"https:\/\/www.egemtv.com\/index.php?rest_route=%2Fwp%2Fv2%2Fmedia&parent=93096"}],"wp:term":[{"taxonomy":"category","embeddable":true,"href":"https:\/\/www.egemtv.com\/index.php?rest_route=%2Fwp%2Fv2%2Fcategories&post=93096"},{"taxonomy":"post_tag","embeddable":true,"href":"https:\/\/www.egemtv.com\/index.php?rest_route=%2Fwp%2Fv2%2Ftags&post=93096"}],"curies":[{"name":"wp","href":"https:\/\/api.w.org\/{rel}","templated":true}]}}