{"id":93090,"date":"2026-03-09T21:54:39","date_gmt":"2026-03-09T18:54:39","guid":{"rendered":"https:\/\/www.egemtv.com\/?p=93090"},"modified":"2026-03-09T21:54:41","modified_gmt":"2026-03-09T18:54:41","slug":"denizlide-4-1-buyuklugundeki-artci-deprem-korkuttu","status":"publish","type":"post","link":"https:\/\/www.egemtv.com\/?p=93090","title":{"rendered":"Denizli\u2019de 4.1 b\u00fcy\u00fckl\u00fc\u011f\u00fcndeki art\u00e7\u0131 deprem korkuttu"},"content":{"rendered":"<p>Denizli\u2019de g\u00fcn boyu ya\u015fanan 100\u2019\u00fc a\u015fk\u0131n art\u00e7\u0131 depremlerin sonuncusu korkuya neden oldu. Buldan merkezli 4.1 b\u00fcy\u00fckl\u00fc\u011f\u00fcndeki deprem, saat 20.02\u2019de meydana geldi.<br \/>\n<br \/>Denizli\u2019de g\u00fcn i\u00e7erisinde meydana gelen depremlerin ard\u0131ndan art\u00e7\u0131 sars\u0131nt\u0131lar s\u00fcr\u00fcyor. Son olarak Buldan merkez \u00fcss\u00fc olan 4.1 b\u00fcy\u00fckl\u00fc\u011f\u00fcnde bir deprem daha kaydedildi. Saat 20.02\u2019de meydana gelen deprem, yerin yakla\u015f\u0131k 7 kilometre derinli\u011finde ger\u00e7ekle\u015fti. G\u00fcn boyunca b\u00f6lgede 100\u2019\u00fcn \u00fczerinde art\u00e7\u0131 deprem ya\u015fand\u0131\u011f\u0131 b\u00f6lgede, son sars\u0131nt\u0131 Denizli kent merkezinde de hissedildi. K\u0131sa s\u00fcreli pani\u011fe neden oldu.<br \/><\/p>\n","protected":false},"excerpt":{"rendered":"<p>Denizli\u2019de g\u00fcn boyu ya\u015fanan 100\u2019\u00fc a\u015fk\u0131n art\u00e7\u0131 depremlerin sonuncusu korkuya neden oldu. Buldan merkezli 4.1 b\u00fcy\u00fckl\u00fc\u011f\u00fcndeki deprem, saat 20.02\u2019de meydana geldi. Denizli\u2019de g\u00fcn i\u00e7erisinde meydana gelen depremlerin ard\u0131ndan art\u00e7\u0131 sars\u0131nt\u0131lar s\u00fcr\u00fcyor. Son olarak Buldan merkez \u00fcss\u00fc olan 4.1 b\u00fcy\u00fckl\u00fc\u011f\u00fcnde bir deprem daha kaydedildi. Saat 20.02\u2019de meydana gelen deprem, yerin yakla\u015f\u0131k 7 kilometre derinli\u011finde ger\u00e7ekle\u015fti. G\u00fcn&#8230;<\/p>\n","protected":false},"author":1,"featured_media":93091,"comment_status":"open","ping_status":"open","sticky":false,"template":"","format":"standard","meta":{"_crdt_document":"","footnotes":""},"categories":[5],"tags":[],"class_list":["post-93090","post","type-post","status-publish","format-standard","has-post-thumbnail","hentry","category-asayis"],"_links":{"self":[{"href":"https:\/\/www.egemtv.com\/index.php?rest_route=\/wp\/v2\/posts\/93090","targetHints":{"allow":["GET"]}}],"collection":[{"href":"https:\/\/www.egemtv.com\/index.php?rest_route=\/wp\/v2\/posts"}],"about":[{"href":"https:\/\/www.egemtv.com\/index.php?rest_route=\/wp\/v2\/types\/post"}],"author":[{"embeddable":true,"href":"https:\/\/www.egemtv.com\/index.php?rest_route=\/wp\/v2\/users\/1"}],"replies":[{"embeddable":true,"href":"https:\/\/www.egemtv.com\/index.php?rest_route=%2Fwp%2Fv2%2Fcomments&post=93090"}],"version-history":[{"count":1,"href":"https:\/\/www.egemtv.com\/index.php?rest_route=\/wp\/v2\/posts\/93090\/revisions"}],"predecessor-version":[{"id":93092,"href":"https:\/\/www.egemtv.com\/index.php?rest_route=\/wp\/v2\/posts\/93090\/revisions\/93092"}],"wp:featuredmedia":[{"embeddable":true,"href":"https:\/\/www.egemtv.com\/index.php?rest_route=\/wp\/v2\/media\/93091"}],"wp:attachment":[{"href":"https:\/\/www.egemtv.com\/index.php?rest_route=%2Fwp%2Fv2%2Fmedia&parent=93090"}],"wp:term":[{"taxonomy":"category","embeddable":true,"href":"https:\/\/www.egemtv.com\/index.php?rest_route=%2Fwp%2Fv2%2Fcategories&post=93090"},{"taxonomy":"post_tag","embeddable":true,"href":"https:\/\/www.egemtv.com\/index.php?rest_route=%2Fwp%2Fv2%2Ftags&post=93090"}],"curies":[{"name":"wp","href":"https:\/\/api.w.org\/{rel}","templated":true}]}}