{"id":93087,"date":"2026-03-09T21:54:38","date_gmt":"2026-03-09T18:54:38","guid":{"rendered":"https:\/\/www.egemtv.com\/?p=93087"},"modified":"2026-03-09T21:54:39","modified_gmt":"2026-03-09T18:54:39","slug":"baskan-cercioglu-yenipazarda-vatandaslarla-iftar-sofrasinda-bulustu","status":"publish","type":"post","link":"https:\/\/www.egemtv.com\/?p=93087","title":{"rendered":"Ba\u015fkan \u00c7er\u00e7io\u011flu Yenipazar\u2019da vatanda\u015flarla iftar sofras\u0131nda bulu\u015ftu"},"content":{"rendered":"<p>Ayd\u0131n B\u00fcy\u00fck\u015fehir Belediye Ba\u015fkan\u0131 \u00d6zlem \u00c7er\u00e7io\u011flu Yenipazar il\u00e7esi Karaca\u00f6ren Mahallesi\u2019nde d\u00fczenlenen iftarda vatanda\u015flar ile bir araya geldi.<\/p>\n<p>Ayd\u0131n B\u00fcy\u00fck\u015fehir Belediyesi taraf\u0131ndan Ramazan ay\u0131 nedeniyle kentin farkl\u0131 noktalar\u0131nda iftar sofralar\u0131 kurulmaya devam ediyor. B\u00fcy\u00fck\u015fehir Belediyesi\u2019nin sofralar\u0131nda binlerce Ayd\u0131nl\u0131 iftarlar\u0131n\u0131 hep birlikte a\u00e7\u0131yor. B\u00fcy\u00fck\u015fehir Belediyesi taraf\u0131ndan bug\u00fcn Efeler il\u00e7esinde Atat\u00fcrk Kent Meydan\u0131\u2019nda ve \u0130mamk\u00f6y Mahallesi\u2019nde, Karpuzlu il\u00e7esinde Yeni Mahalle\u2019de, S\u00f6ke il\u00e7esinde \u00c7eltik\u00e7i Mahallesi\u2019nde, Nazilli il\u00e7esinde \u0130sabeyli Mahallesi\u2019nde, Yenipazar il\u00e7esinde Karaca\u00f6ren Mahallesi\u2019nde, \u00c7ine il\u00e7esinde Karakollar Mahallesi\u2019nde ve Germencik il\u00e7esinde Bozk\u00f6y Mahallesi\u2019nde iftar program\u0131 d\u00fczenlendi.<\/p>\n<p>Ayd\u0131n B\u00fcy\u00fck\u015fehir Belediye Ba\u015fkan\u0131 \u00d6zlem \u00c7er\u00e7io\u011flu; Yenipazar Belediye Ba\u015fkan\u0131 Malik Ercan, AK Parti Yenipazar \u0130l\u00e7e Ba\u015fkan\u0131 Sad\u0131k Yap\u0131c\u0131o\u011flu, meclis \u00fcyeleri ve muhtarlar ile birlikte Yenipazar il\u00e7esi Karaca\u00f6ren Mahallesi\u2019nde d\u00fczenlenen iftarda vatanda\u015flar ile bir araya geldi. Ba\u015fkan \u00c7er\u00e7io\u011flu, t\u00fcm vatanda\u015flar\u0131n Ramazan ay\u0131n\u0131 kutlayarak Ayd\u0131n\u2019\u0131n t\u00fcm il\u00e7elerinde iftar programlar\u0131n\u0131n d\u00fczenlenmeye devam edece\u011fini belirtti.<\/p>\n<p>\u0130ftar sofralar\u0131n\u0131n kurulmas\u0131ndan memnuniyet duyduklar\u0131n\u0131 belirten vatanda\u015flar, Ba\u015fkan \u00c7er\u00e7io\u011flu\u2019na te\u015fekk\u00fcr etti.<br \/><\/p>\n","protected":false},"excerpt":{"rendered":"<p>Ayd\u0131n B\u00fcy\u00fck\u015fehir Belediye Ba\u015fkan\u0131 \u00d6zlem \u00c7er\u00e7io\u011flu Yenipazar il\u00e7esi Karaca\u00f6ren Mahallesi\u2019nde d\u00fczenlenen iftarda vatanda\u015flar ile bir araya geldi. Ayd\u0131n B\u00fcy\u00fck\u015fehir Belediyesi taraf\u0131ndan Ramazan ay\u0131 nedeniyle kentin farkl\u0131 noktalar\u0131nda iftar sofralar\u0131 kurulmaya devam ediyor. B\u00fcy\u00fck\u015fehir Belediyesi\u2019nin sofralar\u0131nda binlerce Ayd\u0131nl\u0131 iftarlar\u0131n\u0131 hep birlikte a\u00e7\u0131yor. B\u00fcy\u00fck\u015fehir Belediyesi taraf\u0131ndan bug\u00fcn Efeler il\u00e7esinde Atat\u00fcrk Kent Meydan\u0131\u2019nda ve \u0130mamk\u00f6y Mahallesi\u2019nde, Karpuzlu il\u00e7esinde&#8230;<\/p>\n","protected":false},"author":1,"featured_media":93088,"comment_status":"open","ping_status":"open","sticky":false,"template":"","format":"standard","meta":{"_crdt_document":"","footnotes":""},"categories":[1],"tags":[],"class_list":["post-93087","post","type-post","status-publish","format-standard","has-post-thumbnail","hentry","category-guncel"],"_links":{"self":[{"href":"https:\/\/www.egemtv.com\/index.php?rest_route=\/wp\/v2\/posts\/93087","targetHints":{"allow":["GET"]}}],"collection":[{"href":"https:\/\/www.egemtv.com\/index.php?rest_route=\/wp\/v2\/posts"}],"about":[{"href":"https:\/\/www.egemtv.com\/index.php?rest_route=\/wp\/v2\/types\/post"}],"author":[{"embeddable":true,"href":"https:\/\/www.egemtv.com\/index.php?rest_route=\/wp\/v2\/users\/1"}],"replies":[{"embeddable":true,"href":"https:\/\/www.egemtv.com\/index.php?rest_route=%2Fwp%2Fv2%2Fcomments&post=93087"}],"version-history":[{"count":1,"href":"https:\/\/www.egemtv.com\/index.php?rest_route=\/wp\/v2\/posts\/93087\/revisions"}],"predecessor-version":[{"id":93089,"href":"https:\/\/www.egemtv.com\/index.php?rest_route=\/wp\/v2\/posts\/93087\/revisions\/93089"}],"wp:featuredmedia":[{"embeddable":true,"href":"https:\/\/www.egemtv.com\/index.php?rest_route=\/wp\/v2\/media\/93088"}],"wp:attachment":[{"href":"https:\/\/www.egemtv.com\/index.php?rest_route=%2Fwp%2Fv2%2Fmedia&parent=93087"}],"wp:term":[{"taxonomy":"category","embeddable":true,"href":"https:\/\/www.egemtv.com\/index.php?rest_route=%2Fwp%2Fv2%2Fcategories&post=93087"},{"taxonomy":"post_tag","embeddable":true,"href":"https:\/\/www.egemtv.com\/index.php?rest_route=%2Fwp%2Fv2%2Ftags&post=93087"}],"curies":[{"name":"wp","href":"https:\/\/api.w.org\/{rel}","templated":true}]}}