{"id":93084,"date":"2026-03-09T21:54:37","date_gmt":"2026-03-09T18:54:37","guid":{"rendered":"https:\/\/www.egemtv.com\/?p=93084"},"modified":"2026-03-09T21:54:38","modified_gmt":"2026-03-09T18:54:38","slug":"tarim-personeli-ve-aileleri-ayni-sofrada-bulustu","status":"publish","type":"post","link":"https:\/\/www.egemtv.com\/?p=93084","title":{"rendered":"Tar\u0131m personeli ve aileleri ayn\u0131 sofrada bulu\u015ftu"},"content":{"rendered":"<p>Manisa\u2019n\u0131n Sar\u0131g\u00f6l il\u00e7esinde \u0130l\u00e7e Tar\u0131m ve Orman M\u00fcd\u00fcrl\u00fc\u011f\u00fc taraf\u0131ndan d\u00fczenlenen iftar program\u0131nda kurum personeli ve aileleri bir araya gelerek Ramazan ay\u0131n\u0131n birlik ve beraberlik atmosferini payla\u015ft\u0131.<br \/>\n<br \/>Manisa\u2019n\u0131n Sar\u0131g\u00f6l il\u00e7esinde \u0130l\u00e7e Tar\u0131m ve Orman M\u00fcd\u00fcrl\u00fc\u011f\u00fc personeli ve aileleri, d\u00fczenlenen iftar program\u0131nda bir araya geldi.<br \/>\n<br \/>Sar\u0131g\u00f6l \u0130l\u00e7e Tar\u0131m ve Orman M\u00fcd\u00fcrl\u00fc\u011f\u00fc bah\u00e7esi ve salonunda ger\u00e7ekle\u015ftirilen iftar yeme\u011fine kurum \u00e7al\u0131\u015fanlar\u0131 ile aileleri kat\u0131ld\u0131. Samimi bir ortamda ger\u00e7ekle\u015fen programda kat\u0131l\u0131mc\u0131lar birlikte iftar yaparak Ramazan ay\u0131n\u0131n manevi atmosferini payla\u015ft\u0131.<br \/>\n<br \/>\u0130l\u00e7e Tar\u0131m ve Orman M\u00fcd\u00fcr\u00fc Ahmet Akar, d\u00fczenlenen iftar program\u0131nda yapt\u0131\u011f\u0131 konu\u015fmada kurum \u00e7al\u0131\u015fanlar\u0131n\u0131n b\u00fcy\u00fck bir aile oldu\u011funu belirterek, &#8220;Biz b\u00fcy\u00fck bir aileyiz. Personelimiz ve aileleri ile birlikte yakla\u015f\u0131k 60 ki\u015fi iftar yeme\u011finde bir araya geldik. Kat\u0131l\u0131mlar\u0131ndan dolay\u0131 t\u00fcm personelimize te\u015fekk\u00fcr ediyorum.&#8221; dedi.<br \/>\n<br \/>Program, iftar sonras\u0131 yap\u0131lan sohbetlerle sona erdi.<br \/><\/p>\n","protected":false},"excerpt":{"rendered":"<p>Manisa\u2019n\u0131n Sar\u0131g\u00f6l il\u00e7esinde \u0130l\u00e7e Tar\u0131m ve Orman M\u00fcd\u00fcrl\u00fc\u011f\u00fc taraf\u0131ndan d\u00fczenlenen iftar program\u0131nda kurum personeli ve aileleri bir araya gelerek Ramazan ay\u0131n\u0131n birlik ve beraberlik atmosferini payla\u015ft\u0131. Manisa\u2019n\u0131n Sar\u0131g\u00f6l il\u00e7esinde \u0130l\u00e7e Tar\u0131m ve Orman M\u00fcd\u00fcrl\u00fc\u011f\u00fc personeli ve aileleri, d\u00fczenlenen iftar program\u0131nda bir araya geldi. Sar\u0131g\u00f6l \u0130l\u00e7e Tar\u0131m ve Orman M\u00fcd\u00fcrl\u00fc\u011f\u00fc bah\u00e7esi ve salonunda ger\u00e7ekle\u015ftirilen iftar yeme\u011fine&#8230;<\/p>\n","protected":false},"author":1,"featured_media":93085,"comment_status":"open","ping_status":"open","sticky":false,"template":"","format":"standard","meta":{"_crdt_document":"","footnotes":""},"categories":[1],"tags":[],"class_list":["post-93084","post","type-post","status-publish","format-standard","has-post-thumbnail","hentry","category-guncel"],"_links":{"self":[{"href":"https:\/\/www.egemtv.com\/index.php?rest_route=\/wp\/v2\/posts\/93084","targetHints":{"allow":["GET"]}}],"collection":[{"href":"https:\/\/www.egemtv.com\/index.php?rest_route=\/wp\/v2\/posts"}],"about":[{"href":"https:\/\/www.egemtv.com\/index.php?rest_route=\/wp\/v2\/types\/post"}],"author":[{"embeddable":true,"href":"https:\/\/www.egemtv.com\/index.php?rest_route=\/wp\/v2\/users\/1"}],"replies":[{"embeddable":true,"href":"https:\/\/www.egemtv.com\/index.php?rest_route=%2Fwp%2Fv2%2Fcomments&post=93084"}],"version-history":[{"count":1,"href":"https:\/\/www.egemtv.com\/index.php?rest_route=\/wp\/v2\/posts\/93084\/revisions"}],"predecessor-version":[{"id":93086,"href":"https:\/\/www.egemtv.com\/index.php?rest_route=\/wp\/v2\/posts\/93084\/revisions\/93086"}],"wp:featuredmedia":[{"embeddable":true,"href":"https:\/\/www.egemtv.com\/index.php?rest_route=\/wp\/v2\/media\/93085"}],"wp:attachment":[{"href":"https:\/\/www.egemtv.com\/index.php?rest_route=%2Fwp%2Fv2%2Fmedia&parent=93084"}],"wp:term":[{"taxonomy":"category","embeddable":true,"href":"https:\/\/www.egemtv.com\/index.php?rest_route=%2Fwp%2Fv2%2Fcategories&post=93084"},{"taxonomy":"post_tag","embeddable":true,"href":"https:\/\/www.egemtv.com\/index.php?rest_route=%2Fwp%2Fv2%2Ftags&post=93084"}],"curies":[{"name":"wp","href":"https:\/\/api.w.org\/{rel}","templated":true}]}}