{"id":93081,"date":"2026-03-09T21:54:35","date_gmt":"2026-03-09T18:54:35","guid":{"rendered":"https:\/\/www.egemtv.com\/?p=93081"},"modified":"2026-03-09T21:54:37","modified_gmt":"2026-03-09T18:54:37","slug":"eski-karisini-bacagindan-pompali-tufekle-yaraladi-is-yeri-sahibi-tarafindan-kolundan-vuruldu","status":"publish","type":"post","link":"https:\/\/www.egemtv.com\/?p=93081","title":{"rendered":"Eski kar\u0131s\u0131n\u0131 baca\u011f\u0131ndan pompal\u0131 t\u00fcfekle yaralad\u0131, i\u015f yeri sahibi taraf\u0131ndan kolundan vuruldu"},"content":{"rendered":"<p>Burdur\u2019un G\u00f6lhisar il\u00e7esinde eski e\u015fini baca\u011f\u0131ndan pompal\u0131 t\u00fcfekle yaralayan \u015fah\u0131s, kad\u0131n\u0131n g\u00f6n\u00fcl ili\u015fkisi oldu\u011fu iddia edilen i\u015f yeri sahibi taraf\u0131ndan t\u00fcfekle kolundan vuruldu.<br \/>\n<br \/>Olay, saat 16.00 s\u0131ralar\u0131nda Pazar Mahallesi\u2019ndeki bir otelin alt\u0131nda bulunan i\u015f yerinde meydana geldi. Edinilen bilgiye g\u00f6re, Fatih K. (45) eski e\u015fi Nuray E.\u2019nin (41) \u00e7al\u0131\u015ft\u0131\u011f\u0131 i\u015f yerine geldi. Burada ikili aras\u0131nda \u00e7\u0131kan tart\u0131\u015fma kavgaya d\u00f6n\u00fc\u015ft\u00fc. Fatih K., yan\u0131nda getirdi\u011fi pompal\u0131 t\u00fcfekle Nuray E.\u2019yi baca\u011f\u0131ndan vurarak yaralad\u0131.  Nuray E.\u2019nin g\u00f6n\u00fcl ili\u015fkisi oldu\u011fu iddia edilen i\u015f yeri sahibi \u0130lyas B. (55) de Fatih K.\u2019yi t\u00fcfekle kolundan yaralad\u0131. \u0130hbar \u00fczerine adrese sa\u011fl\u0131k ve polis ekipleri sevk edildi. Yaral\u0131lar, sa\u011fl\u0131k ekipleri taraf\u0131ndan yap\u0131lan ilk m\u00fcdahalenin ard\u0131ndan G\u00f6lhisar Devlet Hastanesine kald\u0131r\u0131larak tedavi alt\u0131na al\u0131nd\u0131. Yaral\u0131lar\u0131n sa\u011fl\u0131k durumunun iyi oldu\u011fu \u00f6\u011frenilirken, ekipler taraf\u0131ndan yap\u0131lan incelemenin ard\u0131ndan \u0130lyas B. g\u00f6zalt\u0131na al\u0131nd\u0131.<br \/>\n<br \/>Olayla ilgili tahkikat ba\u015flat\u0131ld\u0131.<br \/><\/p>\n","protected":false},"excerpt":{"rendered":"<p>Burdur\u2019un G\u00f6lhisar il\u00e7esinde eski e\u015fini baca\u011f\u0131ndan pompal\u0131 t\u00fcfekle yaralayan \u015fah\u0131s, kad\u0131n\u0131n g\u00f6n\u00fcl ili\u015fkisi oldu\u011fu iddia edilen i\u015f yeri sahibi taraf\u0131ndan t\u00fcfekle kolundan vuruldu. Olay, saat 16.00 s\u0131ralar\u0131nda Pazar Mahallesi\u2019ndeki bir otelin alt\u0131nda bulunan i\u015f yerinde meydana geldi. Edinilen bilgiye g\u00f6re, Fatih K. (45) eski e\u015fi Nuray E.\u2019nin (41) \u00e7al\u0131\u015ft\u0131\u011f\u0131 i\u015f yerine geldi. Burada ikili aras\u0131nda&#8230;<\/p>\n","protected":false},"author":1,"featured_media":93082,"comment_status":"open","ping_status":"open","sticky":false,"template":"","format":"standard","meta":{"_crdt_document":"","footnotes":""},"categories":[5],"tags":[],"class_list":["post-93081","post","type-post","status-publish","format-standard","has-post-thumbnail","hentry","category-asayis"],"_links":{"self":[{"href":"https:\/\/www.egemtv.com\/index.php?rest_route=\/wp\/v2\/posts\/93081","targetHints":{"allow":["GET"]}}],"collection":[{"href":"https:\/\/www.egemtv.com\/index.php?rest_route=\/wp\/v2\/posts"}],"about":[{"href":"https:\/\/www.egemtv.com\/index.php?rest_route=\/wp\/v2\/types\/post"}],"author":[{"embeddable":true,"href":"https:\/\/www.egemtv.com\/index.php?rest_route=\/wp\/v2\/users\/1"}],"replies":[{"embeddable":true,"href":"https:\/\/www.egemtv.com\/index.php?rest_route=%2Fwp%2Fv2%2Fcomments&post=93081"}],"version-history":[{"count":1,"href":"https:\/\/www.egemtv.com\/index.php?rest_route=\/wp\/v2\/posts\/93081\/revisions"}],"predecessor-version":[{"id":93083,"href":"https:\/\/www.egemtv.com\/index.php?rest_route=\/wp\/v2\/posts\/93081\/revisions\/93083"}],"wp:featuredmedia":[{"embeddable":true,"href":"https:\/\/www.egemtv.com\/index.php?rest_route=\/wp\/v2\/media\/93082"}],"wp:attachment":[{"href":"https:\/\/www.egemtv.com\/index.php?rest_route=%2Fwp%2Fv2%2Fmedia&parent=93081"}],"wp:term":[{"taxonomy":"category","embeddable":true,"href":"https:\/\/www.egemtv.com\/index.php?rest_route=%2Fwp%2Fv2%2Fcategories&post=93081"},{"taxonomy":"post_tag","embeddable":true,"href":"https:\/\/www.egemtv.com\/index.php?rest_route=%2Fwp%2Fv2%2Ftags&post=93081"}],"curies":[{"name":"wp","href":"https:\/\/api.w.org\/{rel}","templated":true}]}}