{"id":93078,"date":"2026-03-09T21:36:09","date_gmt":"2026-03-09T18:36:09","guid":{"rendered":"https:\/\/www.egemtv.com\/?p=93078"},"modified":"2026-03-09T21:36:09","modified_gmt":"2026-03-09T18:36:09","slug":"baskan-cercioglu-dis-tedavisi-bizden-gulumsemesi-sizden","status":"publish","type":"post","link":"https:\/\/www.egemtv.com\/?p=93078","title":{"rendered":"Ba\u015fkan \u00c7er\u00e7io\u011flu: &#8220;Di\u015f tedavisi bizden, g\u00fcl\u00fcmsemesi sizden&#8221;"},"content":{"rendered":"<p>Ayd\u0131n A\u011f\u0131z Ve Di\u015f Sa\u011fl\u0131\u011f\u0131 Poliklini\u011fi\u2019ni ziyaret eden Ayd\u0131n B\u00fcy\u00fck\u015fehir Belediye Ba\u015fkan\u0131 \u00d6zlem \u00c7er\u00e7io\u011flu, vatanda\u015flar\u0131n \u00fccretsiz di\u015f sa\u011fl\u0131\u011f\u0131 hizmetlerine eri\u015fimi i\u00e7in \u00e7al\u0131\u015fmalara devam edeceklerini vurgulayarak &#8220;Di\u015f tedavisi bizden, g\u00fcl\u00fcmsemesi sizden&#8221; dedi.<\/p>\n<p>Ayd\u0131n B\u00fcy\u00fck\u015fehir Belediye Ba\u015fkan\u0131 \u00d6zlem \u00c7er\u00e7io\u011flu taraf\u0131ndan Nazilli\u2019nin ard\u0131ndan merkez il\u00e7e Efeler\u2019e de kazand\u0131r\u0131lan A\u011f\u0131z ve Di\u015f Sa\u011fl\u0131\u011f\u0131 Poliklini\u011fi, hizmetlerine devam ediyor. Tamam\u0131yla \u00fccretsiz hizmet veren poliklinik, a\u00e7\u0131ld\u0131\u011f\u0131 ilk g\u00fcnden bu yana vatanda\u015flardan yo\u011fun ilgi g\u00f6rd\u00fc. Modern yap\u0131s\u0131, \u00e7a\u011fda\u015f t\u0131bbi donan\u0131m\u0131 ve uzman kadrosu ile kent merkezinde hizmet sunmaya ba\u015flayan poliklini\u011fi ziyaret eden Ba\u015fkan \u00c7er\u00e7io\u011flu, hastalarla sohbet etti, incelemelerde bulundu. Efeler il\u00e7esinde bir poliklini\u011fin daha hizmet vermeye ba\u015flayaca\u011f\u0131n\u0131 m\u00fcjdeleyen Ba\u015fkan \u00c7er\u00e7io\u011flu, &#8220;Nazilli\u2019nin ard\u0131ndan merkez il\u00e7emizde de \u00fccretsiz a\u011f\u0131z ve di\u015f sa\u011fl\u0131\u011f\u0131 hizmetlerimizi hem\u015fehrilerimizle bulu\u015fturduk. Burada 10 \u00fcnite ile hizmete ba\u015flad\u0131k, k\u0131sa s\u00fcre i\u00e7erisinde de yo\u011fun ilgiyle kar\u015f\u0131land\u0131. Hem\u015fehrilerimizden gelen talep \u00fczerine il\u00e7e merkezimizde, \u00e7ar\u015f\u0131 olarak bilinen b\u00f6lgede 15 \u00fcniteli bir poliklini\u011fi daha hizmete a\u00e7aca\u011f\u0131z. Gezici di\u015f klini\u011fi projemiz de yak\u0131n zamanda hizmet vermeye ba\u015flayacak. \u015eimdiden projelerimizin ve yat\u0131r\u0131mlar\u0131m\u0131z\u0131n Ayd\u0131n\u0131m\u0131za hay\u0131rl\u0131 olmas\u0131n\u0131 diliyorum. Vatanda\u015flar\u0131m\u0131z\u0131n \u00fccretsiz di\u015f sa\u011fl\u0131\u011f\u0131 hizmetlerine eri\u015fimi i\u00e7in \u00e7al\u0131\u015fmalar\u0131m\u0131za devam edece\u011fiz. Di\u015f tedavisi bizden, g\u00fcl\u00fcmsemesi sizden&#8221; ifadelerini kulland\u0131.<br \/>\n<br \/>Ayd\u0131n A\u011f\u0131z ve Di\u015f Sa\u011fl\u0131\u011f\u0131 Poliklini\u011fi\u2019nde hayata ge\u00e7irilen hizmetlerden memnuniyet duyduklar\u0131n\u0131 belirten vatanda\u015flar, Ba\u015fkan \u00c7er\u00e7io\u011flu\u2019na te\u015fekk\u00fcr etti.<br \/><\/p>\n","protected":false},"excerpt":{"rendered":"<p>Ayd\u0131n A\u011f\u0131z Ve Di\u015f Sa\u011fl\u0131\u011f\u0131 Poliklini\u011fi\u2019ni ziyaret eden Ayd\u0131n B\u00fcy\u00fck\u015fehir Belediye Ba\u015fkan\u0131 \u00d6zlem \u00c7er\u00e7io\u011flu, vatanda\u015flar\u0131n \u00fccretsiz di\u015f sa\u011fl\u0131\u011f\u0131 hizmetlerine eri\u015fimi i\u00e7in \u00e7al\u0131\u015fmalara devam edeceklerini vurgulayarak &#8220;Di\u015f tedavisi bizden, g\u00fcl\u00fcmsemesi sizden&#8221; dedi. Ayd\u0131n B\u00fcy\u00fck\u015fehir Belediye Ba\u015fkan\u0131 \u00d6zlem \u00c7er\u00e7io\u011flu taraf\u0131ndan Nazilli\u2019nin ard\u0131ndan merkez il\u00e7e Efeler\u2019e de kazand\u0131r\u0131lan A\u011f\u0131z ve Di\u015f Sa\u011fl\u0131\u011f\u0131 Poliklini\u011fi, hizmetlerine devam ediyor. Tamam\u0131yla \u00fccretsiz&#8230;<\/p>\n","protected":false},"author":1,"featured_media":93079,"comment_status":"open","ping_status":"open","sticky":false,"template":"","format":"standard","meta":{"_crdt_document":"","footnotes":""},"categories":[2],"tags":[],"class_list":["post-93078","post","type-post","status-publish","format-standard","has-post-thumbnail","hentry","category-saglik"],"_links":{"self":[{"href":"https:\/\/www.egemtv.com\/index.php?rest_route=\/wp\/v2\/posts\/93078","targetHints":{"allow":["GET"]}}],"collection":[{"href":"https:\/\/www.egemtv.com\/index.php?rest_route=\/wp\/v2\/posts"}],"about":[{"href":"https:\/\/www.egemtv.com\/index.php?rest_route=\/wp\/v2\/types\/post"}],"author":[{"embeddable":true,"href":"https:\/\/www.egemtv.com\/index.php?rest_route=\/wp\/v2\/users\/1"}],"replies":[{"embeddable":true,"href":"https:\/\/www.egemtv.com\/index.php?rest_route=%2Fwp%2Fv2%2Fcomments&post=93078"}],"version-history":[{"count":1,"href":"https:\/\/www.egemtv.com\/index.php?rest_route=\/wp\/v2\/posts\/93078\/revisions"}],"predecessor-version":[{"id":93080,"href":"https:\/\/www.egemtv.com\/index.php?rest_route=\/wp\/v2\/posts\/93078\/revisions\/93080"}],"wp:featuredmedia":[{"embeddable":true,"href":"https:\/\/www.egemtv.com\/index.php?rest_route=\/wp\/v2\/media\/93079"}],"wp:attachment":[{"href":"https:\/\/www.egemtv.com\/index.php?rest_route=%2Fwp%2Fv2%2Fmedia&parent=93078"}],"wp:term":[{"taxonomy":"category","embeddable":true,"href":"https:\/\/www.egemtv.com\/index.php?rest_route=%2Fwp%2Fv2%2Fcategories&post=93078"},{"taxonomy":"post_tag","embeddable":true,"href":"https:\/\/www.egemtv.com\/index.php?rest_route=%2Fwp%2Fv2%2Ftags&post=93078"}],"curies":[{"name":"wp","href":"https:\/\/api.w.org\/{rel}","templated":true}]}}