{"id":93075,"date":"2026-03-09T21:36:07","date_gmt":"2026-03-09T18:36:07","guid":{"rendered":"https:\/\/www.egemtv.com\/?p=93075"},"modified":"2026-03-09T21:36:08","modified_gmt":"2026-03-09T18:36:08","slug":"nazillide-vatandaslar-iftar-sofrasinda-bulustu","status":"publish","type":"post","link":"https:\/\/www.egemtv.com\/?p=93075","title":{"rendered":"Nazilli\u2019de vatanda\u015flar iftar sofras\u0131nda bulu\u015ftu"},"content":{"rendered":"<p>Nazilli Belediyesi taraf\u0131ndan Ramazan ay\u0131 dolay\u0131s\u0131yla P\u0131narba\u015f\u0131 Mahallesi\u2019nde d\u00fczenlenen iftar yeme\u011fi binlerce vatanda\u015f\u0131n kat\u0131l\u0131m\u0131yla ger\u00e7ekle\u015ftirildi.<br \/>\n<br \/>Yo\u011fun ilgi g\u00f6ren iftar program\u0131nda vatanda\u015flar ayn\u0131 sofrada bulu\u015farak Ramazan\u2019\u0131n bereketini ve dayan\u0131\u015fma ruhunu payla\u015ft\u0131.<br \/>\n<br \/>\u0130ftar program\u0131na CHP Ayd\u0131n Milletvekili Evrim Karakoz, CHP Ayd\u0131n \u0130l Ba\u015fkan\u0131 Hikmet Saat\u00e7\u0131, CHP Nazilli \u0130l\u00e7e Ba\u015fkan\u0131 Asl\u0131 \u00d6kmen, Bozdo\u011fan Belediye Ba\u015fkan\u0131 Mustafa Galip \u00d6zel, \u00c7ine Belediye Ba\u015fkan\u0131 Mehmet K\u0131vrak, Germencik Belediye Ba\u015fkan\u0131 Burak Zencirci, Karacasu Belediye Ba\u015fkan\u0131 Mustafa B\u00fcy\u00fckyap\u0131c\u0131, Ko\u00e7arl\u0131 Belediye Ba\u015fkan\u0131 \u00d6zg\u00fcr Ar\u0131c\u0131 ve Kuyucak Belediye Ba\u015fkan\u0131 U\u011fur Do\u011fanca kat\u0131ld\u0131.<br \/>\n<br \/>\u0130ftar program\u0131 \u00f6ncesinde Nazilli Belediyesi personelleri saatler \u00f6ncesinden alana gelerek haz\u0131rl\u0131klar\u0131n\u0131 tamamlad\u0131. \u00d6zellikle ya\u015fl\u0131 ve hamile vatanda\u015flara yemek da\u011f\u0131t\u0131m\u0131 belediye personelleri taraf\u0131ndan ger\u00e7ekle\u015ftirildi. Nazilli Belediye Ba\u015fkan\u0131 Dr. Ertu\u011frul Tetik de milletvekilleri, il\u00e7e ba\u015fkanlar\u0131 ve belediye ba\u015fkanlar\u0131yla birlikte belediye taraf\u0131ndan be\u015f ayr\u0131 noktada kurulan \u00e7ad\u0131rlarda vatanda\u015flara yemek da\u011f\u0131tt\u0131.<br \/>\n<br \/>\u0130ftar saatinin gelmesinin ard\u0131ndan Ba\u015fkan Dr. Ertu\u011frul Tetik ve beraberindeki heyet vatanda\u015flar\u0131n sofralar\u0131n\u0131 tek tek ziyaret ederek &#8220;Hay\u0131rl\u0131 Ramazanlar&#8221; dileklerini iletti.<br \/>\n<br \/>Programda konu\u015fan Nazilli Belediye Ba\u015fkan\u0131 Dr. Ertu\u011frul Tetik; Ramazan ay\u0131n\u0131n birlik, beraberlik ve dayan\u0131\u015fma duygular\u0131n\u0131 g\u00fc\u00e7lendirdi\u011fini belirterek, P\u0131narba\u015f\u0131 Mahallesi\u2019nde kurulan iftar sofras\u0131nda binlerce vatanda\u015fla bir araya gelmenin mutlulu\u011funu ya\u015fad\u0131klar\u0131n\u0131 ifade etti. Ba\u015fkan Tetik, Nazilli\u2019de dayan\u0131\u015fma ve payla\u015fma k\u00fclt\u00fcr\u00fcn\u00fc ya\u015fatmaya devam edeceklerini belirterek programa kat\u0131lan ve sofray\u0131 payla\u015fan t\u00fcm vatanda\u015flara te\u015fekk\u00fcr etti.<br \/><\/p>\n","protected":false},"excerpt":{"rendered":"<p>Nazilli Belediyesi taraf\u0131ndan Ramazan ay\u0131 dolay\u0131s\u0131yla P\u0131narba\u015f\u0131 Mahallesi\u2019nde d\u00fczenlenen iftar yeme\u011fi binlerce vatanda\u015f\u0131n kat\u0131l\u0131m\u0131yla ger\u00e7ekle\u015ftirildi. Yo\u011fun ilgi g\u00f6ren iftar program\u0131nda vatanda\u015flar ayn\u0131 sofrada bulu\u015farak Ramazan\u2019\u0131n bereketini ve dayan\u0131\u015fma ruhunu payla\u015ft\u0131. \u0130ftar program\u0131na CHP Ayd\u0131n Milletvekili Evrim Karakoz, CHP Ayd\u0131n \u0130l Ba\u015fkan\u0131 Hikmet Saat\u00e7\u0131, CHP Nazilli \u0130l\u00e7e Ba\u015fkan\u0131 Asl\u0131 \u00d6kmen, Bozdo\u011fan Belediye Ba\u015fkan\u0131 Mustafa Galip \u00d6zel,&#8230;<\/p>\n","protected":false},"author":1,"featured_media":93076,"comment_status":"open","ping_status":"open","sticky":false,"template":"","format":"standard","meta":{"_crdt_document":"","footnotes":""},"categories":[1],"tags":[],"class_list":["post-93075","post","type-post","status-publish","format-standard","has-post-thumbnail","hentry","category-guncel"],"_links":{"self":[{"href":"https:\/\/www.egemtv.com\/index.php?rest_route=\/wp\/v2\/posts\/93075","targetHints":{"allow":["GET"]}}],"collection":[{"href":"https:\/\/www.egemtv.com\/index.php?rest_route=\/wp\/v2\/posts"}],"about":[{"href":"https:\/\/www.egemtv.com\/index.php?rest_route=\/wp\/v2\/types\/post"}],"author":[{"embeddable":true,"href":"https:\/\/www.egemtv.com\/index.php?rest_route=\/wp\/v2\/users\/1"}],"replies":[{"embeddable":true,"href":"https:\/\/www.egemtv.com\/index.php?rest_route=%2Fwp%2Fv2%2Fcomments&post=93075"}],"version-history":[{"count":1,"href":"https:\/\/www.egemtv.com\/index.php?rest_route=\/wp\/v2\/posts\/93075\/revisions"}],"predecessor-version":[{"id":93077,"href":"https:\/\/www.egemtv.com\/index.php?rest_route=\/wp\/v2\/posts\/93075\/revisions\/93077"}],"wp:featuredmedia":[{"embeddable":true,"href":"https:\/\/www.egemtv.com\/index.php?rest_route=\/wp\/v2\/media\/93076"}],"wp:attachment":[{"href":"https:\/\/www.egemtv.com\/index.php?rest_route=%2Fwp%2Fv2%2Fmedia&parent=93075"}],"wp:term":[{"taxonomy":"category","embeddable":true,"href":"https:\/\/www.egemtv.com\/index.php?rest_route=%2Fwp%2Fv2%2Fcategories&post=93075"},{"taxonomy":"post_tag","embeddable":true,"href":"https:\/\/www.egemtv.com\/index.php?rest_route=%2Fwp%2Fv2%2Ftags&post=93075"}],"curies":[{"name":"wp","href":"https:\/\/api.w.org\/{rel}","templated":true}]}}