{"id":93072,"date":"2026-03-09T21:14:38","date_gmt":"2026-03-09T18:14:38","guid":{"rendered":"https:\/\/www.egemtv.com\/?p=93072"},"modified":"2026-03-09T21:14:39","modified_gmt":"2026-03-09T18:14:39","slug":"manisada-2-bin-580-sikke-ve-235-tarihi-obje-ele-gecirildi","status":"publish","type":"post","link":"https:\/\/www.egemtv.com\/?p=93072","title":{"rendered":"Manisa\u2019da 2 bin 580 sikke ve 235 tarihi obje ele ge\u00e7irildi"},"content":{"rendered":"<p>Manisa\u2019n\u0131n Salihli il\u00e7esinde jandarma ekiplerinin d\u00fczenledi\u011fi operasyonda 2 bin 580 adet sikke ve 235 adet tarihi obje ele ge\u00e7irildi.<br \/>\n<br \/>Edinilen bilgiye g\u00f6re, \u0130l Jandarma Komutanl\u0131\u011f\u0131 KOM \u015eube M\u00fcd\u00fcrl\u00fc\u011f\u00fc ekipleri, &#8220;Anadolu Miras\u0131 Operasyonlar\u0131&#8221; kapsam\u0131nda C.\u00c7. isimli \u015fahs\u0131n elinde bulunan tarihi sikke ve objeleri sat\u0131\u015fa sunmay\u0131 planlad\u0131\u011f\u0131n\u0131 tespit etti. Elde edilen bilgiler do\u011frultusunda Salihli il\u00e7esinde bulunan \u015f\u00fcphelinin evi ve eklentilerine adli makamlardan al\u0131nan arama karar\u0131yla operasyon d\u00fczenlendi. Adreste ger\u00e7ekle\u015ftirilen aramada Helenistik, Roma ve \u0130slami d\u00f6nemlere ait oldu\u011fu de\u011ferlendirilen 2 bin 580 adet sikke, 235 adet tarihi obje ile 1 adet dedekt\u00f6r ele ge\u00e7irildi. Ele ge\u00e7irilen tarihi eserler muhafaza alt\u0131na al\u0131n\u0131rken, \u015f\u00fcpheli hakk\u0131nda adli tahkikat ba\u015flat\u0131ld\u0131.<br \/>\n<br \/>Jandarma ekiplerinin k\u00fclt\u00fcrel miras\u0131n korunmas\u0131na y\u00f6nelik \u00e7al\u0131\u015fmalar\u0131n\u0131n s\u00fcrd\u00fc\u011f\u00fc belirtildi.<br \/><\/p>\n","protected":false},"excerpt":{"rendered":"<p>Manisa\u2019n\u0131n Salihli il\u00e7esinde jandarma ekiplerinin d\u00fczenledi\u011fi operasyonda 2 bin 580 adet sikke ve 235 adet tarihi obje ele ge\u00e7irildi. Edinilen bilgiye g\u00f6re, \u0130l Jandarma Komutanl\u0131\u011f\u0131 KOM \u015eube M\u00fcd\u00fcrl\u00fc\u011f\u00fc ekipleri, &#8220;Anadolu Miras\u0131 Operasyonlar\u0131&#8221; kapsam\u0131nda C.\u00c7. isimli \u015fahs\u0131n elinde bulunan tarihi sikke ve objeleri sat\u0131\u015fa sunmay\u0131 planlad\u0131\u011f\u0131n\u0131 tespit etti. Elde edilen bilgiler do\u011frultusunda Salihli il\u00e7esinde bulunan \u015f\u00fcphelinin&#8230;<\/p>\n","protected":false},"author":1,"featured_media":93073,"comment_status":"open","ping_status":"open","sticky":false,"template":"","format":"standard","meta":{"_crdt_document":"","footnotes":""},"categories":[5],"tags":[],"class_list":["post-93072","post","type-post","status-publish","format-standard","has-post-thumbnail","hentry","category-asayis"],"_links":{"self":[{"href":"https:\/\/www.egemtv.com\/index.php?rest_route=\/wp\/v2\/posts\/93072","targetHints":{"allow":["GET"]}}],"collection":[{"href":"https:\/\/www.egemtv.com\/index.php?rest_route=\/wp\/v2\/posts"}],"about":[{"href":"https:\/\/www.egemtv.com\/index.php?rest_route=\/wp\/v2\/types\/post"}],"author":[{"embeddable":true,"href":"https:\/\/www.egemtv.com\/index.php?rest_route=\/wp\/v2\/users\/1"}],"replies":[{"embeddable":true,"href":"https:\/\/www.egemtv.com\/index.php?rest_route=%2Fwp%2Fv2%2Fcomments&post=93072"}],"version-history":[{"count":1,"href":"https:\/\/www.egemtv.com\/index.php?rest_route=\/wp\/v2\/posts\/93072\/revisions"}],"predecessor-version":[{"id":93074,"href":"https:\/\/www.egemtv.com\/index.php?rest_route=\/wp\/v2\/posts\/93072\/revisions\/93074"}],"wp:featuredmedia":[{"embeddable":true,"href":"https:\/\/www.egemtv.com\/index.php?rest_route=\/wp\/v2\/media\/93073"}],"wp:attachment":[{"href":"https:\/\/www.egemtv.com\/index.php?rest_route=%2Fwp%2Fv2%2Fmedia&parent=93072"}],"wp:term":[{"taxonomy":"category","embeddable":true,"href":"https:\/\/www.egemtv.com\/index.php?rest_route=%2Fwp%2Fv2%2Fcategories&post=93072"},{"taxonomy":"post_tag","embeddable":true,"href":"https:\/\/www.egemtv.com\/index.php?rest_route=%2Fwp%2Fv2%2Ftags&post=93072"}],"curies":[{"name":"wp","href":"https:\/\/api.w.org\/{rel}","templated":true}]}}